{"id":2926,"date":"2013-06-17T11:22:09","date_gmt":"2013-06-17T16:22:09","guid":{"rendered":"https:\/\/radiowebmx.com\/nota\/?p=2926"},"modified":"2013-06-17T11:22:09","modified_gmt":"2013-06-17T16:22:09","slug":"sale-la-delegacion-michoacana-a-los-6-juegos-deportivos-escolares","status":"publish","type":"post","link":"https:\/\/radiowebmx.com\/nota\/sale-la-delegacion-michoacana-a-los-6-juegos-deportivos-escolares\/","title":{"rendered":"SALE LA DELEGACI\u00d3N MICHOACANA A LOS 6\u00b0 JUEGOS DEPORTIVOS ESCOLARES"},"content":{"rendered":"<p><a href=\"https:\/\/radiowebmx.com\/nota\/wp-content\/uploads\/2013\/06\/IMG_3771.jpg\"><img loading=\"lazy\" decoding=\"async\" class=\"alignleft size-full wp-image-2927\" alt=\"IMG_3771\" src=\"https:\/\/radiowebmx.com\/nota\/wp-content\/uploads\/2013\/06\/IMG_3771.jpg\" width=\"591\" height=\"230\" \/><\/a>Un total de 132 alumnos y 41 profesores representar\u00e1n a Michoac\u00e1n en los 6\u00b0 Juegos Deportivos Escolares Nacionales, que en se desarrollar\u00e1n del 16 al 22 de junio en la ciudad de Chihuahua, Chihuahua.<\/p>\n<p>Francisco Ch\u00e1vez Ibarra, director de Educaci\u00f3n F\u00edsica, Recreaci\u00f3n y Deporte, de la Secretar\u00eda de Educaci\u00f3n estatal, encabeza la delegaci\u00f3n michoacana que se integra por estudiantes de quinto y sexto grado de escuelas primarias p\u00fablicas y particulares.<\/p>\n<p>Una vez que fue abanderada la delegaci\u00f3n, el funcionario de la SEE destac\u00f3 que esperan que Michoac\u00e1n nuevamente adquiera los primeros lugares en las diferentes \u00e1reas como ya ha ocurrido en otros a\u00f1os.<\/p>\n<p>Adem\u00e1s, el director presentar\u00e1 la solicitud para que en el 2014, Michoac\u00e1n sea sede de esta fiesta deportiva escolar.<\/p>\n<p>Las disciplinas en las que tendr\u00e1 participaci\u00f3n la entidad son: ajedrez, atletismo, futbol, handball, basquetbol, salto de longitud, entre otros.<\/p>\n<p>Michoac\u00e1n siempre ha tenido una gran participaci\u00f3n en los Juegos Deportivos Escolares, logrando medallas de oro, plata y bronce, principalmente en las participaciones individuales como son atletismo, ajedrez y salto de longitud.<\/p>\n<p>Finalmente, el director de Educaci\u00f3n F\u00edsica, Recreaci\u00f3n y Deporte enfatiz\u00f3 que en estos juegos se destacar\u00e1 la disciplina y la masividad que ser\u00e1n determinantes para la calidad de la participaci\u00f3n.<\/p>\n<p>Cabe mencionar que los estudiantes cumplieron con diferentes etapas para poder ser seleccionados a nivel estatal, las cuales son: intramuros, zona, sector y pre estatal.<\/p>\n<p>&nbsp;<\/p>\n","protected":false},"excerpt":{"rendered":"<p>Un total de 132 alumnos y 41 profesores representar\u00e1n a Michoac\u00e1n en los 6\u00b0 Juegos Deportivos Escolares Nacionales, que en se desarrollar\u00e1n del 16 al 22 de junio en la ciudad de Chihuahua, Chihuahua.<\/p>\n","protected":false},"author":1,"featured_media":0,"comment_status":"open","ping_status":"open","sticky":false,"template":"","format":"standard","meta":{"footnotes":""},"categories":[14,3],"tags":[],"class_list":["post-2926","post","type-post","status-publish","format-standard","hentry","category-destacadas","category-gobierno-del-estado-de-michoacan"],"_links":{"self":[{"href":"https:\/\/radiowebmx.com\/nota\/wp-json\/wp\/v2\/posts\/2926","targetHints":{"allow":["GET"]}}],"collection":[{"href":"https:\/\/radiowebmx.com\/nota\/wp-json\/wp\/v2\/posts"}],"about":[{"href":"https:\/\/radiowebmx.com\/nota\/wp-json\/wp\/v2\/types\/post"}],"author":[{"embeddable":true,"href":"https:\/\/radiowebmx.com\/nota\/wp-json\/wp\/v2\/users\/1"}],"replies":[{"embeddable":true,"href":"https:\/\/radiowebmx.com\/nota\/wp-json\/wp\/v2\/comments?post=2926"}],"version-history":[{"count":2,"href":"https:\/\/radiowebmx.com\/nota\/wp-json\/wp\/v2\/posts\/2926\/revisions"}],"predecessor-version":[{"id":2929,"href":"https:\/\/radiowebmx.com\/nota\/wp-json\/wp\/v2\/posts\/2926\/revisions\/2929"}],"wp:attachment":[{"href":"https:\/\/radiowebmx.com\/nota\/wp-json\/wp\/v2\/media?parent=2926"}],"wp:term":[{"taxonomy":"category","embeddable":true,"href":"https:\/\/radiowebmx.com\/nota\/wp-json\/wp\/v2\/categories?post=2926"},{"taxonomy":"post_tag","embeddable":true,"href":"https:\/\/radiowebmx.com\/nota\/wp-json\/wp\/v2\/tags?post=2926"}],"curies":[{"name":"wp","href":"https:\/\/api.w.org\/{rel}","templated":true}]}}