{"id":2915,"date":"2013-06-17T10:35:36","date_gmt":"2013-06-17T15:35:36","guid":{"rendered":"https:\/\/radiowebmx.com\/nota\/?p=2915"},"modified":"2013-06-17T10:35:36","modified_gmt":"2013-06-17T15:35:36","slug":"promueve-suma-el-reordenamiento-en-municipios-limitrofes-con-jalisco","status":"publish","type":"post","link":"https:\/\/radiowebmx.com\/nota\/promueve-suma-el-reordenamiento-en-municipios-limitrofes-con-jalisco\/","title":{"rendered":"PROMUEVE SUMA EL REORDENAMIENTO EN MUNICIPIOS LIM\u00cdTROFES CON JALISCO"},"content":{"rendered":"<p><img loading=\"lazy\" decoding=\"async\" class=\"alignleft size-full wp-image-2916\" alt=\"Reuni\u00f3n SUMA (2)\" src=\"https:\/\/radiowebmx.com\/nota\/wp-content\/uploads\/2013\/06\/Reuni\u00f3n-SUMA-2.jpg\" width=\"591\" height=\"211\" \/><\/p>\n<p>Ante el deterioro del ecosistema de esta regi\u00f3n, autoridades de la Secretar\u00eda de Urbanismo y Medio Ambiente en el estado (SUMA), del municipio de Vista Hermosa y con una de las principales empresas distribuidoras de carne en la<\/p>\n<p>zona, acordaron efectuar una serie de actividades tendientes a mejorar el entorno.<\/p>\n<p>&nbsp;<\/p>\n<p>Durante la reuni\u00f3n de trabajo en las que se identific\u00f3 la problem\u00e1tica ambiental y de organizaci\u00f3n que vive esa regi\u00f3n lim\u00edtrofe con el estado de Jalisco, el titular de la SUMA, Mauro Ram\u00f3n Ballesteros Figueroa, destac\u00f3 la necesidad de trabajar de manera conjunta con los gobiernos municipales y la iniciativa privada, a fin de propiciar un desarrollo sustentable en la zona.<\/p>\n<p>&nbsp;<\/p>\n<p>Entre las acciones, se acord\u00f3 llevar a cabo estudios de monitoreo de la calidad del aire, la implementaci\u00f3n de un<\/p>\n<p>programa para mitigar los malos olores y buscar dar el tratamiento adecuado a todos los desechos que se generan.<\/p>\n<p>&nbsp;<\/p>\n<p>Ballesteros Figueroa, quien estuvo acompa\u00f1ado por el procurador de Protecci\u00f3n al Ambiente en el estado, Arturo Guzm\u00e1n \u00c1brego, pidi\u00f3 a las autoridades municipales y a los directivos de las empresas distribuidores de carne, trabajar en bien de la poblaci\u00f3n, a efecto de que se les siga atendiendo en cuanto a servicios y fuentes de empleo, principalmente.<\/p>\n<p>&nbsp;<\/p>\n<p>En tanto que los representantes de una empresa que es l\u00edder nacional en producci\u00f3n de carne de res, pollo y cerdo, establecieron el compromiso de crear una pared ecol\u00f3gica que neutralice los olores y estar al pendiente del adecuado<br \/>\ntratamiento de las descargas diarias.<\/p>\n<p>Sus directivos, Wilfrido Machado Arias, Alfonso Arana Garc\u00eda y Jorge S\u00e1nchez Camacho, informaron adem\u00e1s de la supervisi\u00f3n constante que al interior de la empresa se lleva a cabo para evitar todo tipo de riesgos para los m\u00e1s de 400 trabajadores que ah\u00ed operan.<\/p>\n<p>&nbsp;<\/p>\n<p>El alcalde de Vista Hermosa, Francisco Omar Corza Gallegos, reconoci\u00f3 la necesidad que hay por promover un mejor crecimiento habitacional del municipio, adem\u00e1s de implementar un programa de desarrollo integral; asimismo, mostr\u00f3 su disposici\u00f3n para trabajar de manera conjunta en varias tareas.<\/p>\n<p>Ah\u00ed mismo los directivos de la empresa hicieron una invitaci\u00f3n al titular de SUMA y al presidente municipal, para que realicen una visita a sus instalaciones, con el prop\u00f3sito de que se percaten de la manera en que operan.<\/p>\n","protected":false},"excerpt":{"rendered":"<p>Ante el deterioro del ecosistema de esta regi\u00f3n, autoridades de la Secretar\u00eda de Urbanismo y Medio Ambiente en el estado (SUMA), del municipio de Vista Hermosa y con una de las principales empresas distribuidoras de carne en la zona, acordaron efectuar una serie de actividades tendientes a mejorar el entorno.<\/p>\n","protected":false},"author":1,"featured_media":0,"comment_status":"open","ping_status":"open","sticky":false,"template":"","format":"standard","meta":{"footnotes":""},"categories":[14,3],"tags":[],"class_list":["post-2915","post","type-post","status-publish","format-standard","hentry","category-destacadas","category-gobierno-del-estado-de-michoacan"],"_links":{"self":[{"href":"https:\/\/radiowebmx.com\/nota\/wp-json\/wp\/v2\/posts\/2915","targetHints":{"allow":["GET"]}}],"collection":[{"href":"https:\/\/radiowebmx.com\/nota\/wp-json\/wp\/v2\/posts"}],"about":[{"href":"https:\/\/radiowebmx.com\/nota\/wp-json\/wp\/v2\/types\/post"}],"author":[{"embeddable":true,"href":"https:\/\/radiowebmx.com\/nota\/wp-json\/wp\/v2\/users\/1"}],"replies":[{"embeddable":true,"href":"https:\/\/radiowebmx.com\/nota\/wp-json\/wp\/v2\/comments?post=2915"}],"version-history":[{"count":1,"href":"https:\/\/radiowebmx.com\/nota\/wp-json\/wp\/v2\/posts\/2915\/revisions"}],"predecessor-version":[{"id":2917,"href":"https:\/\/radiowebmx.com\/nota\/wp-json\/wp\/v2\/posts\/2915\/revisions\/2917"}],"wp:attachment":[{"href":"https:\/\/radiowebmx.com\/nota\/wp-json\/wp\/v2\/media?parent=2915"}],"wp:term":[{"taxonomy":"category","embeddable":true,"href":"https:\/\/radiowebmx.com\/nota\/wp-json\/wp\/v2\/categories?post=2915"},{"taxonomy":"post_tag","embeddable":true,"href":"https:\/\/radiowebmx.com\/nota\/wp-json\/wp\/v2\/tags?post=2915"}],"curies":[{"name":"wp","href":"https:\/\/api.w.org\/{rel}","templated":true}]}}