{"id":29141,"date":"2016-12-26T09:31:57","date_gmt":"2016-12-26T15:31:57","guid":{"rendered":"https:\/\/radiowebmx.com\/nota\/?p=29141"},"modified":"2016-12-26T09:31:57","modified_gmt":"2016-12-26T15:31:57","slug":"en-2016-la-univim-implemento-acciones-para-incrementar-la-eficiencia-terminal","status":"publish","type":"post","link":"https:\/\/radiowebmx.com\/nota\/en-2016-la-univim-implemento-acciones-para-incrementar-la-eficiencia-terminal\/","title":{"rendered":"En 2016 la Univim implement\u00f3 acciones para incrementar la eficiencia terminal"},"content":{"rendered":"<p><img loading=\"lazy\" decoding=\"async\" src=\"https:\/\/radiowebmx.com\/nota\/wp-content\/uploads\/2016\/12\/9371f758-04a3-4c7d-90ee-41a71d2f9ec6.jpg\" alt=\"9371f758-04a3-4c7d-90ee-41a71d2f9ec6\" width=\"709\" height=\"472\" class=\"alignleft size-full wp-image-29142\" srcset=\"https:\/\/radiowebmx.com\/nota\/wp-content\/uploads\/2016\/12\/9371f758-04a3-4c7d-90ee-41a71d2f9ec6.jpg 709w, https:\/\/radiowebmx.com\/nota\/wp-content\/uploads\/2016\/12\/9371f758-04a3-4c7d-90ee-41a71d2f9ec6-300x200.jpg 300w\" sizes=\"auto, (max-width: 709px) 100vw, 709px\" \/><\/p>\n<p>Morelia, Michoac\u00e1n, a 25 de diciembre de 2016.- Con la finalidad de disminuir la deserci\u00f3n estudiantil, durante este a\u00f1o la Universidad Virtual del Estado de Michoac\u00e1n (Univim) ha implementado acciones como el acompa\u00f1amiento psicopedag\u00f3gico a alumnos en su proceso de formaci\u00f3n y la capacitaci\u00f3n a tutores.<\/p>\n<p>Ello se ha visto reflejado en el aumento considerable que la Univim tuvo en la matr\u00edcula, pues cada vez son m\u00e1s las y los michoacanos que optan por la educaci\u00f3n virtual.<\/p>\n<p>Gracias a ello, la Univim se posiciona como una de las instituciones l\u00edderes en su ramo en el pa\u00eds por la calidad en sus programas educativos y por la optimizaci\u00f3n de tiempos que conlleva estudiar en l\u00ednea, destac\u00f3 la rectora, Silvia Mendoza Valenzuela. <\/p>\n<p>Con este tipo de acciones, la Univim cumple su compromiso con la sociedad para incrementar la eficiencia terminal de las y los michoacanos a trav\u00e9s de instituciones p\u00fablicas, gratuitas y de calidad y con ello generar mejores alternativas de vida y coadyuvar en la productividad del estado, tal y como lo ha instruido el Gobernador Silvano Aureoles Conejo.<\/p>\n","protected":false},"excerpt":{"rendered":"<p>Con la finalidad de disminuir la deserci\u00f3n estudiantil, durante este a\u00f1o la Universidad Virtual del Estado de Michoac\u00e1n (Univim) ha implementado acciones como el acompa\u00f1amiento psicopedag\u00f3gico a alumnos en su proceso de formaci\u00f3n y la capacitaci\u00f3n a tutores.<\/p>\n","protected":false},"author":1,"featured_media":29142,"comment_status":"open","ping_status":"open","sticky":false,"template":"","format":"standard","meta":{"footnotes":""},"categories":[14,3],"tags":[],"class_list":["post-29141","post","type-post","status-publish","format-standard","has-post-thumbnail","hentry","category-destacadas","category-gobierno-del-estado-de-michoacan"],"_links":{"self":[{"href":"https:\/\/radiowebmx.com\/nota\/wp-json\/wp\/v2\/posts\/29141","targetHints":{"allow":["GET"]}}],"collection":[{"href":"https:\/\/radiowebmx.com\/nota\/wp-json\/wp\/v2\/posts"}],"about":[{"href":"https:\/\/radiowebmx.com\/nota\/wp-json\/wp\/v2\/types\/post"}],"author":[{"embeddable":true,"href":"https:\/\/radiowebmx.com\/nota\/wp-json\/wp\/v2\/users\/1"}],"replies":[{"embeddable":true,"href":"https:\/\/radiowebmx.com\/nota\/wp-json\/wp\/v2\/comments?post=29141"}],"version-history":[{"count":1,"href":"https:\/\/radiowebmx.com\/nota\/wp-json\/wp\/v2\/posts\/29141\/revisions"}],"predecessor-version":[{"id":29143,"href":"https:\/\/radiowebmx.com\/nota\/wp-json\/wp\/v2\/posts\/29141\/revisions\/29143"}],"wp:featuredmedia":[{"embeddable":true,"href":"https:\/\/radiowebmx.com\/nota\/wp-json\/wp\/v2\/media\/29142"}],"wp:attachment":[{"href":"https:\/\/radiowebmx.com\/nota\/wp-json\/wp\/v2\/media?parent=29141"}],"wp:term":[{"taxonomy":"category","embeddable":true,"href":"https:\/\/radiowebmx.com\/nota\/wp-json\/wp\/v2\/categories?post=29141"},{"taxonomy":"post_tag","embeddable":true,"href":"https:\/\/radiowebmx.com\/nota\/wp-json\/wp\/v2\/tags?post=29141"}],"curies":[{"name":"wp","href":"https:\/\/api.w.org\/{rel}","templated":true}]}}