{"id":29133,"date":"2016-12-26T09:22:30","date_gmt":"2016-12-26T15:22:30","guid":{"rendered":"https:\/\/radiowebmx.com\/nota\/?p=29133"},"modified":"2016-12-26T09:22:44","modified_gmt":"2016-12-26T15:22:44","slug":"gestiono-sedetum-20-mdp-para-mejorar-la-movilidad-de-personas-con-discapacidad","status":"publish","type":"post","link":"https:\/\/radiowebmx.com\/nota\/gestiono-sedetum-20-mdp-para-mejorar-la-movilidad-de-personas-con-discapacidad\/","title":{"rendered":"Gestion\u00f3 Sedetum 20 mdp para mejorar la movilidad de personas con discapacidad"},"content":{"rendered":"<p><img loading=\"lazy\" decoding=\"async\" src=\"https:\/\/radiowebmx.com\/nota\/wp-content\/uploads\/2016\/12\/e1c9b227-2ce1-4cbb-aa9f-7383230674c4.jpg\" alt=\"e1c9b227-2ce1-4cbb-aa9f-7383230674c4\" width=\"709\" height=\"399\" class=\"alignleft size-full wp-image-29131\" srcset=\"https:\/\/radiowebmx.com\/nota\/wp-content\/uploads\/2016\/12\/e1c9b227-2ce1-4cbb-aa9f-7383230674c4.jpg 709w, https:\/\/radiowebmx.com\/nota\/wp-content\/uploads\/2016\/12\/e1c9b227-2ce1-4cbb-aa9f-7383230674c4-300x169.jpg 300w, https:\/\/radiowebmx.com\/nota\/wp-content\/uploads\/2016\/12\/e1c9b227-2ce1-4cbb-aa9f-7383230674c4-642x362.jpg 642w, https:\/\/radiowebmx.com\/nota\/wp-content\/uploads\/2016\/12\/e1c9b227-2ce1-4cbb-aa9f-7383230674c4-128x72.jpg 128w\" sizes=\"auto, (max-width: 709px) 100vw, 709px\" \/><\/p>\n<p>Morelia, Michoac\u00e1n, a 25 de diciembre de 2016.- Un total de 20 millones 297 mil pesos gestion\u00f3 la Secretar\u00eda de Desarrollo Territorial, Urbano y Movilidad (Sedetum) para la adquisici\u00f3n de veh\u00edculos para personas con discapacidad, los cuales fueron entregados en la capital michoacana y en el interior del estado.<\/p>\n<p>Con esta acci\u00f3n se mejora la movilidad de este sector y se brindan mayores condiciones de accesibilidad, toda vez que en la entidad la prevalencia de la discapacidad es cercana al 7 por ciento.<\/p>\n<p>El titular de la Sedetum, Sergio Adem Argueta, destac\u00f3 que desde la dependencia se est\u00e1n impulsando nuevas soluciones de movilidad que permitan poner en el centro al peat\u00f3n y a las personas con discapacidad, por lo que la entrega de veh\u00edculos permitir\u00e1 apoyar a cientos de michoacanas y michoacanos en su traslado.<\/p>\n<p>Detall\u00f3 que la reci\u00e9n aprobada Nueva Agenda Urbana en el marco de la Tercera Conferencia sobre Vivienda y Desarrollo Urbano Sostenible H\u00e1bitat III que se realiz\u00f3 en Quito, Ecuador, se\u00f1ala que la movilidad es un derecho y que las autoridades deben de privilegiar las necesidades de las mujeres, las personas con discapacidad, las personas de la tercera edad y de las poblaciones ind\u00edgenas, por lo que se requiere continuar impulsando acciones enfocadas a dichos grupos poblacionales.<\/p>\n<p>Al respecto, precis\u00f3 que a trav\u00e9s del Fondo de Accesibilidad en el Transporte P\u00fablico para Personas con Discapacidad se gestionaron 20 millones 297 mil pesos que se invirtieron en la compra de 33 veh\u00edculos que fueron entregados a los ayuntamientos de Jiquilpan, Chavinda, Zin\u00e1paro, Coeneo, Morelia, Car\u00e1cuaro, Cojumatl\u00e1n, Morelos, Nuevo Parangaricutiro, Panind\u00edcuaro, Zinap\u00e9cuaro, Pajacuar\u00e1n, Tar\u00edmbaro,Tac\u00e1mbaro, Tocumbo, entre otros.<\/p>\n<p>Con acciones como esta, dijo, se atiende la instrucci\u00f3n del Gobernador Silvano Aureoles Conejo de trabajar en programas que favorezcan a los sectores que m\u00e1s lo requieren para construir una sociedad incluyente, con pleno respeto a los derechos humanos.<\/p>\n<p>En este sentido, Adem Argueta afirm\u00f3 que desde la Sedetum se continuar\u00e1 impulsando l\u00edneas de trabajo que permitan mejorar las condiciones de las personas con discapacidad.<\/p>\n","protected":false},"excerpt":{"rendered":"<p>Un total de 20 millones 297 mil pesos gestion\u00f3 la Secretar\u00eda de Desarrollo Territorial, Urbano y Movilidad (Sedetum) para la adquisici\u00f3n de veh\u00edculos para personas con discapacidad, los cuales fueron entregados en la capital michoacana y en el interior del estado.<\/p>\n","protected":false},"author":1,"featured_media":29131,"comment_status":"open","ping_status":"open","sticky":false,"template":"","format":"standard","meta":{"footnotes":""},"categories":[14,3],"tags":[],"class_list":["post-29133","post","type-post","status-publish","format-standard","has-post-thumbnail","hentry","category-destacadas","category-gobierno-del-estado-de-michoacan"],"_links":{"self":[{"href":"https:\/\/radiowebmx.com\/nota\/wp-json\/wp\/v2\/posts\/29133","targetHints":{"allow":["GET"]}}],"collection":[{"href":"https:\/\/radiowebmx.com\/nota\/wp-json\/wp\/v2\/posts"}],"about":[{"href":"https:\/\/radiowebmx.com\/nota\/wp-json\/wp\/v2\/types\/post"}],"author":[{"embeddable":true,"href":"https:\/\/radiowebmx.com\/nota\/wp-json\/wp\/v2\/users\/1"}],"replies":[{"embeddable":true,"href":"https:\/\/radiowebmx.com\/nota\/wp-json\/wp\/v2\/comments?post=29133"}],"version-history":[{"count":1,"href":"https:\/\/radiowebmx.com\/nota\/wp-json\/wp\/v2\/posts\/29133\/revisions"}],"predecessor-version":[{"id":29134,"href":"https:\/\/radiowebmx.com\/nota\/wp-json\/wp\/v2\/posts\/29133\/revisions\/29134"}],"wp:featuredmedia":[{"embeddable":true,"href":"https:\/\/radiowebmx.com\/nota\/wp-json\/wp\/v2\/media\/29131"}],"wp:attachment":[{"href":"https:\/\/radiowebmx.com\/nota\/wp-json\/wp\/v2\/media?parent=29133"}],"wp:term":[{"taxonomy":"category","embeddable":true,"href":"https:\/\/radiowebmx.com\/nota\/wp-json\/wp\/v2\/categories?post=29133"},{"taxonomy":"post_tag","embeddable":true,"href":"https:\/\/radiowebmx.com\/nota\/wp-json\/wp\/v2\/tags?post=29133"}],"curies":[{"name":"wp","href":"https:\/\/api.w.org\/{rel}","templated":true}]}}