{"id":29116,"date":"2016-12-23T14:57:06","date_gmt":"2016-12-23T20:57:06","guid":{"rendered":"https:\/\/radiowebmx.com\/nota\/?p=29116"},"modified":"2016-12-23T14:57:06","modified_gmt":"2016-12-23T20:57:06","slug":"en-2016-se-fortalecio-el-centro-de-idiomas-del-ceconexpo","status":"publish","type":"post","link":"https:\/\/radiowebmx.com\/nota\/en-2016-se-fortalecio-el-centro-de-idiomas-del-ceconexpo\/","title":{"rendered":"En 2016 se fortaleci\u00f3 el Centro de Idiomas del Ceconexpo"},"content":{"rendered":"<p>Morelia, Michoac\u00e1n, a 22 de diciembre de 2016.- Este a\u00f1o, el Centro de Idiomas del Centro de Convenciones y Exposiciones (Ceconexpo) de Morelia increment\u00f3 su matr\u00edcula de estudiantes en 15 por ciento en comparaci\u00f3n con a\u00f1os anteriores; adem\u00e1s, incorpor\u00f3 al idioma portugu\u00e9s dentro de su oferta educativa, que ya inclu\u00eda ingl\u00e9s, italiano, alem\u00e1n, chino y franc\u00e9s.<\/p>\n<p>El director general del Ceconexpo, Oscar Celis Silva, destac\u00f3 que por instrucciones del Gobernador Silvano Aureoles Conejo, se mantuvieran los bajos costos para estudiar en el Centro de Idiomas. <\/p>\n<p>Asimismo, detall\u00f3 que gracias a la apertura del portugu\u00e9s, se elev\u00f3 la matr\u00edcula a 486 alumnos, lo que ha generado nuevos empleos en beneficio de profesionistas en idiomas.<\/p>\n<p>El funcionario estatal invit\u00f3 a conocer el Centro de Idiomas, mismo que se localiza en el interior del Planetario del Ceconexpo.<\/p>\n<p>Por \u00faltimo, resalt\u00f3 que el Centro de Idiomas tambi\u00e9n ofrece servicios como traducciones, interpretaciones y asesor\u00eda ling\u00fc\u00edstica.<\/p>\n","protected":false},"excerpt":{"rendered":"<p>Este a\u00f1o, el Centro de Idiomas del Centro de Convenciones y Exposiciones (Ceconexpo) de Morelia increment\u00f3 su matr\u00edcula de estudiantes en 15 por ciento en comparaci\u00f3n con a\u00f1os anteriores; adem\u00e1s, incorpor\u00f3 al idioma portugu\u00e9s dentro de su oferta educativa, que ya inclu\u00eda ingl\u00e9s, italiano, alem\u00e1n, chino y franc\u00e9s.<\/p>\n","protected":false},"author":1,"featured_media":29117,"comment_status":"open","ping_status":"open","sticky":false,"template":"","format":"standard","meta":{"footnotes":""},"categories":[14,3],"tags":[],"class_list":["post-29116","post","type-post","status-publish","format-standard","has-post-thumbnail","hentry","category-destacadas","category-gobierno-del-estado-de-michoacan"],"_links":{"self":[{"href":"https:\/\/radiowebmx.com\/nota\/wp-json\/wp\/v2\/posts\/29116","targetHints":{"allow":["GET"]}}],"collection":[{"href":"https:\/\/radiowebmx.com\/nota\/wp-json\/wp\/v2\/posts"}],"about":[{"href":"https:\/\/radiowebmx.com\/nota\/wp-json\/wp\/v2\/types\/post"}],"author":[{"embeddable":true,"href":"https:\/\/radiowebmx.com\/nota\/wp-json\/wp\/v2\/users\/1"}],"replies":[{"embeddable":true,"href":"https:\/\/radiowebmx.com\/nota\/wp-json\/wp\/v2\/comments?post=29116"}],"version-history":[{"count":1,"href":"https:\/\/radiowebmx.com\/nota\/wp-json\/wp\/v2\/posts\/29116\/revisions"}],"predecessor-version":[{"id":29118,"href":"https:\/\/radiowebmx.com\/nota\/wp-json\/wp\/v2\/posts\/29116\/revisions\/29118"}],"wp:featuredmedia":[{"embeddable":true,"href":"https:\/\/radiowebmx.com\/nota\/wp-json\/wp\/v2\/media\/29117"}],"wp:attachment":[{"href":"https:\/\/radiowebmx.com\/nota\/wp-json\/wp\/v2\/media?parent=29116"}],"wp:term":[{"taxonomy":"category","embeddable":true,"href":"https:\/\/radiowebmx.com\/nota\/wp-json\/wp\/v2\/categories?post=29116"},{"taxonomy":"post_tag","embeddable":true,"href":"https:\/\/radiowebmx.com\/nota\/wp-json\/wp\/v2\/tags?post=29116"}],"curies":[{"name":"wp","href":"https:\/\/api.w.org\/{rel}","templated":true}]}}