{"id":291,"date":"2012-11-15T12:19:07","date_gmt":"2012-11-15T18:19:07","guid":{"rendered":"https:\/\/radiowebmx.com\/nota\/?p=291"},"modified":"2012-11-15T12:19:07","modified_gmt":"2012-11-15T18:19:07","slug":"realizan-panel-de-analisis-y-discusion-sobre-la-reforma-laboral","status":"publish","type":"post","link":"https:\/\/radiowebmx.com\/nota\/realizan-panel-de-analisis-y-discusion-sobre-la-reforma-laboral\/","title":{"rendered":"REALIZAN PANEL DE AN\u00c1LISIS Y DISCUSI\u00d3N SOBRE LA REFORMA LABORAL"},"content":{"rendered":"<p><img loading=\"lazy\" decoding=\"async\" class=\"alignnone\" src=\"http:\/\/img685.imageshack.us\/img685\/8999\/dsc1056h.jpg\" alt=\"\" width=\"591\" height=\"270\" \/>Con el objetivo de fomentar el debate y el intercambio de ideas, alrededor de 200 servidores p\u00fablicos y trabajadores de diversas dependencias gubernamentales, participaron en el Panel de An\u00e1lisis y Discusi\u00f3n sobre la Reforma Laboral.<\/p>\n<p>Emiliano Mart\u00ednez Coronel, director de la Consejer\u00eda Jur\u00eddica del gobierno del estado, inform\u00f3 que se organiz\u00f3 este evento para debatir sobre el tema que incide directamente en la vida productiva de la entidad.<\/p>\n<p>Explic\u00f3 que el evento en el que participaron destacados profesionales, sindicalistas y acad\u00e9micos, estuvo enmarcado dentro de las acciones de capacitaci\u00f3n y profesionalizaci\u00f3n de los operadores jur\u00eddicos de las diversas dependencias del Poder Ejecutivo.<\/p>\n<p>Se trata, dijo, de abrir el debate en relaci\u00f3n a esta reforma a la Ley Federal del Trabajo, \u201cvelando por que se respeten los derechos laborales, pues como gobierno hay un compromiso de cuidar a los actores de la producci\u00f3n y de que las relaciones laborales se den en el \u00e1mbito de la legalidad\u201d, precis\u00f3.<\/p>\n<p>Durante el panel, los especialistas emitieron diversas posturas en relaci\u00f3n a la reforma, como Leonel Alipio Jim\u00e9nez, abogado y catedr\u00e1tico de la Universidad Michoacana de San Nicol\u00e1s de Hidalgo, quien realiz\u00f3 un an\u00e1lisis de la norma y manifest\u00f3 su preocupaci\u00f3n porque se difundan correctamente las diversas disposiciones legales y sus alcances y consecuencias positivas y negativas.<\/p>\n<p>A su vez, Rafael Rosales Coria, presidente del Tribunal de Conciliaci\u00f3n y Arbitraje del estado, habl\u00f3 de la importancia de respetar los derechos laborales as\u00ed como la vida sindical de las organizaciones.<\/p>\n<p>Mientras que Mar\u00eda Guadalupe Morales Ledesma, catedr\u00e1tica de la materia de Derecho Laboral de la Universidad Michoacana, refiri\u00f3 que uno de los aciertos de la Reforma es la regulaci\u00f3n de los trabajos en las minas para incluir garant\u00edas de car\u00e1cter social.<\/p>\n<p>Al evento asisti\u00f3 en representaci\u00f3n del secretario de Gobierno, Jes\u00fas Reyna Garc\u00eda, Rub\u00e9n P\u00e9rez Gallardo Ojeda, director de Enlace Legislativo del Gobierno estatal; adem\u00e1s de Eugenio Torres Moreno, titular en la Direcci\u00f3n del Trabajo y Previsi\u00f3n Social del gobierno michoacano; el secretario de los J\u00f3venes, Jes\u00fas V\u00e1zquez Estupi\u00f1\u00e1n, as\u00ed como autoridades de las juntas Federal y Local de Conciliaci\u00f3n y Arbitraje.<\/p>\n","protected":false},"excerpt":{"rendered":"<p>Con el objetivo de fomentar el debate y el intercambio de ideas, alrededor de 200 servidores p\u00fablicos y trabajadores de diversas dependencias gubernamentales, participaron en el Panel de An\u00e1lisis y Discusi\u00f3n sobre la Reforma Laboral. Emiliano Mart\u00ednez Coronel, director de la Consejer\u00eda Jur\u00eddica del gobierno del estado, inform\u00f3 que se organiz\u00f3 este evento para debatir [&hellip;]<\/p>\n","protected":false},"author":1,"featured_media":0,"comment_status":"open","ping_status":"open","sticky":false,"template":"","format":"standard","meta":{"footnotes":""},"categories":[3],"tags":[],"class_list":["post-291","post","type-post","status-publish","format-standard","hentry","category-gobierno-del-estado-de-michoacan"],"_links":{"self":[{"href":"https:\/\/radiowebmx.com\/nota\/wp-json\/wp\/v2\/posts\/291","targetHints":{"allow":["GET"]}}],"collection":[{"href":"https:\/\/radiowebmx.com\/nota\/wp-json\/wp\/v2\/posts"}],"about":[{"href":"https:\/\/radiowebmx.com\/nota\/wp-json\/wp\/v2\/types\/post"}],"author":[{"embeddable":true,"href":"https:\/\/radiowebmx.com\/nota\/wp-json\/wp\/v2\/users\/1"}],"replies":[{"embeddable":true,"href":"https:\/\/radiowebmx.com\/nota\/wp-json\/wp\/v2\/comments?post=291"}],"version-history":[{"count":1,"href":"https:\/\/radiowebmx.com\/nota\/wp-json\/wp\/v2\/posts\/291\/revisions"}],"predecessor-version":[{"id":292,"href":"https:\/\/radiowebmx.com\/nota\/wp-json\/wp\/v2\/posts\/291\/revisions\/292"}],"wp:attachment":[{"href":"https:\/\/radiowebmx.com\/nota\/wp-json\/wp\/v2\/media?parent=291"}],"wp:term":[{"taxonomy":"category","embeddable":true,"href":"https:\/\/radiowebmx.com\/nota\/wp-json\/wp\/v2\/categories?post=291"},{"taxonomy":"post_tag","embeddable":true,"href":"https:\/\/radiowebmx.com\/nota\/wp-json\/wp\/v2\/tags?post=291"}],"curies":[{"name":"wp","href":"https:\/\/api.w.org\/{rel}","templated":true}]}}