{"id":28824,"date":"2016-12-12T13:29:43","date_gmt":"2016-12-12T19:29:43","guid":{"rendered":"https:\/\/radiowebmx.com\/nota\/?p=28824"},"modified":"2016-12-12T13:29:43","modified_gmt":"2016-12-12T19:29:43","slug":"morelia-rumbo-a-la-consolidacion-de-un-municipio-sustentable-alfonso-martinez","status":"publish","type":"post","link":"https:\/\/radiowebmx.com\/nota\/morelia-rumbo-a-la-consolidacion-de-un-municipio-sustentable-alfonso-martinez\/","title":{"rendered":"Morelia, rumbo a la consolidaci\u00f3n de un municipio sustentable: Alfonso Mart\u00ednez"},"content":{"rendered":"<p><img loading=\"lazy\" decoding=\"async\" src=\"https:\/\/radiowebmx.com\/nota\/wp-content\/uploads\/2016\/12\/c0b4d3c1-fc06-4677-9975-48be5c4c05f7.jpg\" alt=\"c0b4d3c1-fc06-4677-9975-48be5c4c05f7\" width=\"709\" height=\"472\" class=\"alignleft size-full wp-image-28825\" srcset=\"https:\/\/radiowebmx.com\/nota\/wp-content\/uploads\/2016\/12\/c0b4d3c1-fc06-4677-9975-48be5c4c05f7.jpg 709w, https:\/\/radiowebmx.com\/nota\/wp-content\/uploads\/2016\/12\/c0b4d3c1-fc06-4677-9975-48be5c4c05f7-300x200.jpg 300w\" sizes=\"auto, (max-width: 709px) 100vw, 709px\" \/><\/p>\n<p>Con el firme prop\u00f3sito de consolidar un municipio sustentable, el Ayuntamiento de Morelia en coordinaci\u00f3n con los gobiernos federal y estatal, promueve acciones contundentes a favor del medio ambiente en la capital michoacana, afirm\u00f3 el Alcalde, Alfonso Mart\u00ednez Alc\u00e1zar, durante la Firma de convenio &#8220;PROAIRE\u201d, entre la Administraci\u00f3n Municipal y la Secretar\u00eda de Medio Ambiente, Recursos Naturales y Cambio Clim\u00e1tico (SEMARNACC), y en cuyo marco anunci\u00f3 el proyecto de conversi\u00f3n de gas natural como combustible alterno para el uso veh\u00edculos del transporte p\u00fabico en la ciudad.<\/p>\n<p>Teniendo como escenario la Sala de Cabildo de Palacio Municipal y ante la presencia del titular de SEMARNACC, Ricardo Luna Garc\u00eda; la diputada integrante de la Comisi\u00f3n de Medio Ambiente, Noem\u00ed Ram\u00edrez Bravo; el Secretario de Desarrollo Metropolitano e Infraestructura, Juan Fernando Sosa Tapia; as\u00ed como del Procurador de Medio Ambiente del Estado, Juan Carlos Vega Sol\u00f3rzano; el Presidente Municipal detall\u00f3 que con apoyo del Congreso Federal se invertir\u00e1n 60 millones de pesos para este programa que impactar\u00e1 en alrededor de mil 400 unidades.<\/p>\n<p>\u201cCon esta acci\u00f3n, Morelia ser\u00e1 el municipio con mayor porcentaje de unidades de transporte p\u00fablico transformadas a no contaminantes y eso es un paso agigantado para avanzar en la disminuci\u00f3n de gases contaminantes, considerando que el transporte p\u00fablico constituye la mayor fuente de contaminaci\u00f3n, por ello se ha hecho esta gesti\u00f3n y trabajo en conjunto para hacer esta conversi\u00f3n sin precedentes\u201d, precis\u00f3.<\/p>\n<p>En este tenor y tras reconocer la responsabilidad que como autoridades tienen para coadyuvar en la disminuci\u00f3n de contaminantes, Mart\u00ednez Alc\u00e1zar refrend\u00f3 el compromiso de la Administraci\u00f3n que encabeza por trabajar en impactar de forma positiva en dichos efectos y contribuir en mejorar el medio ambiente.<\/p>\n<p>\u201cActividades como la del convenio y la de este proyecto que involucra a los tres \u00f3rdenes de gobierno, nos ayudar\u00e1n a impactar verdaderamente en la disminuci\u00f3n de contaminantes en la atm\u00f3sfera\u201d, a\u00f1adi\u00f3, al tiempo que conmin\u00f3 a la ciudadan\u00eda a colaborar en el \u00e1mbito de su competencia para mitigar las consecuencias del calentamiento global.<\/p>\n<p>Al hacer uso de la voz, el titular de SEMARNACC, Ricardo Luna, resalt\u00f3 que a trav\u00e9s del convenio PROAIRE, se busca convertir a Morelia en una ciudad sustentable, de tal manera que entre al sistema mundial de Ciudades Verdes y con ello abonar para mejorar la calidad de vida del grueso de la poblaci\u00f3n. <\/p>\n<p>Indic\u00f3 que tras la firma de este documento, se conformar\u00e1 un Comit\u00e9 para dar  seguimiento y evaluaci\u00f3n a las acciones y pol\u00edticas implementadas para reducir los niveles de contaminaci\u00f3n en la ciudad.<\/p>\n<p>Cabe destacar, que el Programa de Gesti\u00f3n para Mejorar la Calidad del Aire (ProAire) integra instrumentos y herramientas de gesti\u00f3n, tales como el desarrollo de normas, convenios, participaci\u00f3n de los sectores involucrados, educaci\u00f3n ambiental, participaci\u00f3n social, divulgaci\u00f3n de la informaci\u00f3n y capacitaci\u00f3n, entre otros, con el objetivo de revertir las tendencias de deterioro de la calidad del aire. <\/p>\n<p>De tal suerte, que con la implementaci\u00f3n del PROAIRE se pretende dar cumplimiento a las normas oficiales mexicanas vigentes en materia de calidad del aire, que tienen como objetivo proteger la salud de la poblaci\u00f3n.<\/p>\n","protected":false},"excerpt":{"rendered":"<p>Con el firme prop\u00f3sito de consolidar un municipio sustentable, el Ayuntamiento de Morelia en coordinaci\u00f3n con los gobiernos federal y estatal, promueve acciones contundentes a favor del medio ambiente en la capital michoacana, afirm\u00f3 el Alcalde, Alfonso Mart\u00ednez Alc\u00e1zar, durante la Firma de convenio &#8220;PROAIRE\u201d, entre la Administraci\u00f3n Municipal y la Secretar\u00eda de Medio Ambiente, Recursos Naturales y Cambio Clim\u00e1tico (SEMARNACC)<\/p>\n","protected":false},"author":1,"featured_media":28825,"comment_status":"open","ping_status":"open","sticky":false,"template":"","format":"standard","meta":{"footnotes":""},"categories":[14,9],"tags":[],"class_list":["post-28824","post","type-post","status-publish","format-standard","has-post-thumbnail","hentry","category-destacadas","category-morelia"],"_links":{"self":[{"href":"https:\/\/radiowebmx.com\/nota\/wp-json\/wp\/v2\/posts\/28824","targetHints":{"allow":["GET"]}}],"collection":[{"href":"https:\/\/radiowebmx.com\/nota\/wp-json\/wp\/v2\/posts"}],"about":[{"href":"https:\/\/radiowebmx.com\/nota\/wp-json\/wp\/v2\/types\/post"}],"author":[{"embeddable":true,"href":"https:\/\/radiowebmx.com\/nota\/wp-json\/wp\/v2\/users\/1"}],"replies":[{"embeddable":true,"href":"https:\/\/radiowebmx.com\/nota\/wp-json\/wp\/v2\/comments?post=28824"}],"version-history":[{"count":2,"href":"https:\/\/radiowebmx.com\/nota\/wp-json\/wp\/v2\/posts\/28824\/revisions"}],"predecessor-version":[{"id":28827,"href":"https:\/\/radiowebmx.com\/nota\/wp-json\/wp\/v2\/posts\/28824\/revisions\/28827"}],"wp:featuredmedia":[{"embeddable":true,"href":"https:\/\/radiowebmx.com\/nota\/wp-json\/wp\/v2\/media\/28825"}],"wp:attachment":[{"href":"https:\/\/radiowebmx.com\/nota\/wp-json\/wp\/v2\/media?parent=28824"}],"wp:term":[{"taxonomy":"category","embeddable":true,"href":"https:\/\/radiowebmx.com\/nota\/wp-json\/wp\/v2\/categories?post=28824"},{"taxonomy":"post_tag","embeddable":true,"href":"https:\/\/radiowebmx.com\/nota\/wp-json\/wp\/v2\/tags?post=28824"}],"curies":[{"name":"wp","href":"https:\/\/api.w.org\/{rel}","templated":true}]}}