{"id":28813,"date":"2016-12-12T13:20:45","date_gmt":"2016-12-12T19:20:45","guid":{"rendered":"https:\/\/radiowebmx.com\/nota\/?p=28813"},"modified":"2016-12-12T13:20:45","modified_gmt":"2016-12-12T19:20:45","slug":"inicia-diputado-mario-armando-mendoza-programa-invernal-de-apoyo-a-personas-en-situacion-de-vulnerabilidad","status":"publish","type":"post","link":"https:\/\/radiowebmx.com\/nota\/inicia-diputado-mario-armando-mendoza-programa-invernal-de-apoyo-a-personas-en-situacion-de-vulnerabilidad\/","title":{"rendered":"Inicia diputado Mario Armando Mendoza programa Invernal de Apoyo a Personas en Situaci\u00f3n de Vulnerabilidad"},"content":{"rendered":"<p><img loading=\"lazy\" decoding=\"async\" src=\"https:\/\/radiowebmx.com\/nota\/wp-content\/uploads\/2016\/12\/Comunicado-1658-1-1.jpg\" alt=\"comunicado-1658-1\" width=\"709\" height=\"531\" class=\"alignleft size-full wp-image-28815\" srcset=\"https:\/\/radiowebmx.com\/nota\/wp-content\/uploads\/2016\/12\/Comunicado-1658-1-1.jpg 709w, https:\/\/radiowebmx.com\/nota\/wp-content\/uploads\/2016\/12\/Comunicado-1658-1-1-300x225.jpg 300w\" sizes=\"auto, (max-width: 709px) 100vw, 709px\" \/><\/p>\n<p>Morelia; Michoac\u00e1n, 12 de diciembre del 2016.-  Ante la llegada del crudo invierno y la afectaci\u00f3n que ha tenido familias de algunas zonas del municipio de Morelia, el diputado del PRI, Mario Armando Mendoza Guzm\u00e1n inici\u00f3 el Programa Invernal de Apoyo a Personas en Situaci\u00f3n de Vulnerabilidad, mismo que tiene contemplado llegar a diversas  localidades de la capital del estado, para la entrega de 2 mil cobertores.<\/p>\n<p>El esquema de apoyo, explic\u00f3, el legislador local tiene como finalidad apoyar a los grupos menos favorecidos y de escasos recursos econ\u00f3micos, quienes se han  visto afectados en mayor medida por las bajas temperaturas y la imposibilidad de contar con elementos b\u00e1sicos para resguardarse del crudo  invierno.<\/p>\n<p>El equipo de trabajo encabezado por el diputado del PRI, Mario Armando Mendoza acudir\u00e1 a cada una de las viviendas de estas colonias,  para entregar de manera personal los cobertores que se han dispuesto para este prop\u00f3sito y atender algunas otras gestiones que la poblaci\u00f3n solicite.<\/p>\n<p>&#8220;Iniciamos el programa invernal de apoyo a personas en situaci\u00f3n vulnerable en diversas colonias de Morelia, se  entregar\u00e1n m\u00e1s de 2 mil cobertores a quienes m\u00e1s lo necesitan,  especialmente a familias de escasos recursos, se acude  directamente a sus viviendas&#8221;, precis\u00f3 el diputado  Mario Armando Mendoza Guzm\u00e1n.<\/p>\n<p>Las condiciones meteorol\u00f3gicas anunciadas por el Servicio Metereol\u00f3gico Nacional, han se\u00f1alado que se espera m\u00e1s de 50 frentes fr\u00edos, en estos momentos la entidad se ve afectadas por el frente fr\u00edo n\u00famero 11 y por la segunda tormenta invernal, que absorbi\u00f3 al frente fr\u00edo n\u00famero 12 y que agudizar\u00e1 las bajas temperaturas, explic\u00f3 el diputado quien consider\u00f3 urgente que de manera conjunta autoridades de los tres niveles y protecci\u00f3n civil establezcan un programa de atenci\u00f3n a este tipo de contingencias ambientales.<\/p>\n<p>Esta atenci\u00f3n detall\u00f3 el diputado deber\u00e1 extenderse a los  37 municipios que se encuentran catalogados como de alto riesgo, por la presencia de los 50 frentes fr\u00edos que se han pronosticado en el pa\u00eds, ya que incluso se ha vaticinado que podr\u00eda presentarse temperaturas por debajo de los 0 grados cent\u00edgrados.<\/p>\n","protected":false},"excerpt":{"rendered":"<p>Ante la llegada del crudo invierno y la afectaci\u00f3n que ha tenido familias de algunas zonas del municipio de Morelia, el diputado del PRI, Mario Armando Mendoza Guzm\u00e1n inici\u00f3 el Programa Invernal de Apoyo a Personas en Situaci\u00f3n de Vulnerabilidad, mismo que tiene contemplado llegar a diversas  localidades de la capital del estado, para la entrega de 2 mil cobertores.<\/p>\n","protected":false},"author":1,"featured_media":28814,"comment_status":"open","ping_status":"open","sticky":false,"template":"","format":"standard","meta":{"footnotes":""},"categories":[6,14,7],"tags":[],"class_list":["post-28813","post","type-post","status-publish","format-standard","has-post-thumbnail","hentry","category-congreso-del-estado","category-destacadas","category-grupo-parlamentario-del-pri"],"_links":{"self":[{"href":"https:\/\/radiowebmx.com\/nota\/wp-json\/wp\/v2\/posts\/28813","targetHints":{"allow":["GET"]}}],"collection":[{"href":"https:\/\/radiowebmx.com\/nota\/wp-json\/wp\/v2\/posts"}],"about":[{"href":"https:\/\/radiowebmx.com\/nota\/wp-json\/wp\/v2\/types\/post"}],"author":[{"embeddable":true,"href":"https:\/\/radiowebmx.com\/nota\/wp-json\/wp\/v2\/users\/1"}],"replies":[{"embeddable":true,"href":"https:\/\/radiowebmx.com\/nota\/wp-json\/wp\/v2\/comments?post=28813"}],"version-history":[{"count":1,"href":"https:\/\/radiowebmx.com\/nota\/wp-json\/wp\/v2\/posts\/28813\/revisions"}],"predecessor-version":[{"id":28816,"href":"https:\/\/radiowebmx.com\/nota\/wp-json\/wp\/v2\/posts\/28813\/revisions\/28816"}],"wp:featuredmedia":[{"embeddable":true,"href":"https:\/\/radiowebmx.com\/nota\/wp-json\/wp\/v2\/media\/28814"}],"wp:attachment":[{"href":"https:\/\/radiowebmx.com\/nota\/wp-json\/wp\/v2\/media?parent=28813"}],"wp:term":[{"taxonomy":"category","embeddable":true,"href":"https:\/\/radiowebmx.com\/nota\/wp-json\/wp\/v2\/categories?post=28813"},{"taxonomy":"post_tag","embeddable":true,"href":"https:\/\/radiowebmx.com\/nota\/wp-json\/wp\/v2\/tags?post=28813"}],"curies":[{"name":"wp","href":"https:\/\/api.w.org\/{rel}","templated":true}]}}