{"id":28807,"date":"2016-12-12T13:16:17","date_gmt":"2016-12-12T19:16:17","guid":{"rendered":"https:\/\/radiowebmx.com\/nota\/?p=28807"},"modified":"2016-12-12T13:16:17","modified_gmt":"2016-12-12T19:16:17","slug":"ciudadanos-no-deben-perder-el-control-sobre-sus-gobernantes-miguel-angel-villegas-soto","status":"publish","type":"post","link":"https:\/\/radiowebmx.com\/nota\/ciudadanos-no-deben-perder-el-control-sobre-sus-gobernantes-miguel-angel-villegas-soto\/","title":{"rendered":"Ciudadanos no deben perder el control sobre sus gobernantes: Miguel \u00c1ngel Villegas Soto"},"content":{"rendered":"<p><img loading=\"lazy\" decoding=\"async\" src=\"https:\/\/radiowebmx.com\/nota\/wp-content\/uploads\/2016\/12\/thumbnail_COMUNICADO-1656.jpg\" alt=\"thumbnail_comunicado-1656\" width=\"709\" height=\"397\" class=\"alignleft size-full wp-image-28808\" srcset=\"https:\/\/radiowebmx.com\/nota\/wp-content\/uploads\/2016\/12\/thumbnail_COMUNICADO-1656.jpg 709w, https:\/\/radiowebmx.com\/nota\/wp-content\/uploads\/2016\/12\/thumbnail_COMUNICADO-1656-300x168.jpg 300w, https:\/\/radiowebmx.com\/nota\/wp-content\/uploads\/2016\/12\/thumbnail_COMUNICADO-1656-284x158.jpg 284w, https:\/\/radiowebmx.com\/nota\/wp-content\/uploads\/2016\/12\/thumbnail_COMUNICADO-1656-128x72.jpg 128w\" sizes=\"auto, (max-width: 709px) 100vw, 709px\" \/><\/p>\n<p>Morelia; Michoac\u00e1n, a 11 de Diciembre de 2016.- Al considerar que los votantes no deben de perder el control y vigilancia sobre los actos de los gobernantes cuando afectan a los ciudadanos, para obligarlos a desempe\u00f1ar de forma adecuada la funci\u00f3n p\u00fablica, el diputado por el Partido Acci\u00f3n Nacional (PAN) Miguel \u00c1ngel Villegas Soto present\u00f3 una iniciativa en materia de revocaci\u00f3n de mandato.<\/p>\n<p>La propuesta plantea que esta figura sea reconocida por la Constituci\u00f3n local como uno de los mecanismos de participaci\u00f3n ciudadana, con la finalidad de que los michoacanos decidan mediante el voto que un funcionario de elecci\u00f3n popular deje anticipadamente su cargo para el cual fue electo.<\/p>\n<p>De aprobarse, podr\u00e1n ser sujetos de revocaci\u00f3n de mandato desde los integrantes de los Ayuntamientos, hasta el gobernador del Estado, explic\u00f3 el legislador panista. \u201cPodr\u00e1 solicitarse una vez transcurrida la mitad del periodo constitucional correspondiente y hasta 120 d\u00edas naturales despu\u00e9s del inicio de la segunda mitad de dicho periodo\u201d, agreg\u00f3.<\/p>\n<p>Entre las causales de revocaci\u00f3n de mandato destacan: violaciones graves a la Constituci\u00f3n local y a los derechos humanos; incumplir sin causa justificada con compromisos de campa\u00f1a, programas, proyectos o acciones de gobierno; realizar u omitir actos que provoquen desajustes presupuestales severos que afecten al erario; y no ejecutar, manipular o hacer uso indebido de los resultados de los mecanismos de participaci\u00f3n ciudadana.<\/p>\n","protected":false},"excerpt":{"rendered":"<p>Al considerar que los votantes no deben de perder el control y vigilancia sobre los actos de los gobernantes cuando afectan a los ciudadanos, para obligarlos a desempe\u00f1ar de forma adecuada la funci\u00f3n p\u00fablica, el diputado por el Partido Acci\u00f3n Nacional (PAN) Miguel \u00c1ngel Villegas Soto present\u00f3 una iniciativa en materia de revocaci\u00f3n de mandato.<\/p>\n","protected":false},"author":1,"featured_media":28808,"comment_status":"open","ping_status":"open","sticky":false,"template":"","format":"standard","meta":{"footnotes":""},"categories":[6,14,8],"tags":[],"class_list":["post-28807","post","type-post","status-publish","format-standard","has-post-thumbnail","hentry","category-congreso-del-estado","category-destacadas","category-grupo-parlamentario-del-pan"],"_links":{"self":[{"href":"https:\/\/radiowebmx.com\/nota\/wp-json\/wp\/v2\/posts\/28807","targetHints":{"allow":["GET"]}}],"collection":[{"href":"https:\/\/radiowebmx.com\/nota\/wp-json\/wp\/v2\/posts"}],"about":[{"href":"https:\/\/radiowebmx.com\/nota\/wp-json\/wp\/v2\/types\/post"}],"author":[{"embeddable":true,"href":"https:\/\/radiowebmx.com\/nota\/wp-json\/wp\/v2\/users\/1"}],"replies":[{"embeddable":true,"href":"https:\/\/radiowebmx.com\/nota\/wp-json\/wp\/v2\/comments?post=28807"}],"version-history":[{"count":1,"href":"https:\/\/radiowebmx.com\/nota\/wp-json\/wp\/v2\/posts\/28807\/revisions"}],"predecessor-version":[{"id":28809,"href":"https:\/\/radiowebmx.com\/nota\/wp-json\/wp\/v2\/posts\/28807\/revisions\/28809"}],"wp:featuredmedia":[{"embeddable":true,"href":"https:\/\/radiowebmx.com\/nota\/wp-json\/wp\/v2\/media\/28808"}],"wp:attachment":[{"href":"https:\/\/radiowebmx.com\/nota\/wp-json\/wp\/v2\/media?parent=28807"}],"wp:term":[{"taxonomy":"category","embeddable":true,"href":"https:\/\/radiowebmx.com\/nota\/wp-json\/wp\/v2\/categories?post=28807"},{"taxonomy":"post_tag","embeddable":true,"href":"https:\/\/radiowebmx.com\/nota\/wp-json\/wp\/v2\/tags?post=28807"}],"curies":[{"name":"wp","href":"https:\/\/api.w.org\/{rel}","templated":true}]}}