{"id":28803,"date":"2016-12-12T13:14:23","date_gmt":"2016-12-12T19:14:23","guid":{"rendered":"https:\/\/radiowebmx.com\/nota\/?p=28803"},"modified":"2016-12-12T13:14:23","modified_gmt":"2016-12-12T19:14:23","slug":"mas-inclusion-para-personas-con-discapacidad-adriana-hernandez","status":"publish","type":"post","link":"https:\/\/radiowebmx.com\/nota\/mas-inclusion-para-personas-con-discapacidad-adriana-hernandez\/","title":{"rendered":"M\u00e1s inclusi\u00f3n para personas con discapacidad: Adriana Hern\u00e1ndez"},"content":{"rendered":"<p><img loading=\"lazy\" decoding=\"async\" src=\"https:\/\/radiowebmx.com\/nota\/wp-content\/uploads\/2016\/12\/thumbnail_COMUNICADO-1655.jpg\" alt=\"thumbnail_comunicado-1655\" width=\"709\" height=\"472\" class=\"alignleft size-full wp-image-28804\" srcset=\"https:\/\/radiowebmx.com\/nota\/wp-content\/uploads\/2016\/12\/thumbnail_COMUNICADO-1655.jpg 709w, https:\/\/radiowebmx.com\/nota\/wp-content\/uploads\/2016\/12\/thumbnail_COMUNICADO-1655-300x200.jpg 300w\" sizes=\"auto, (max-width: 709px) 100vw, 709px\" \/><\/p>\n<p><img loading=\"lazy\" decoding=\"async\" src=\"https:\/\/radiowebmx.com\/nota\/wp-content\/uploads\/2016\/12\/thumbnail_COMUNICADO-1655-..jpg\" alt=\"thumbnail_comunicado-1655\" width=\"709\" height=\"472\" class=\"alignleft size-full wp-image-28805\" srcset=\"https:\/\/radiowebmx.com\/nota\/wp-content\/uploads\/2016\/12\/thumbnail_COMUNICADO-1655-..jpg 709w, https:\/\/radiowebmx.com\/nota\/wp-content\/uploads\/2016\/12\/thumbnail_COMUNICADO-1655-.-300x200.jpg 300w\" sizes=\"auto, (max-width: 709px) 100vw, 709px\" \/><\/p>\n<p>Morelia, Michoacan  a 11 de diciembre de 2016.- \u201cTenemos que hacer conciencia de no discriminar, de ser m\u00e1s tolerantes y de ser m\u00e1s incluyentes con las personas con discapacidad. Todos, por el simple hecho de ser michoacanos, tenemos que tratarnos como iguales, no podemos seguir permitiendo que haya actos de discriminaci\u00f3n, que no haya tolerancia ni inclusi\u00f3n\u201d, sentenci\u00f3 la diputada Adriana Hern\u00e1ndez \u00cd\u00f1iguez, coordinadora del Grupo Parlamentario del PRI en el Congreso del Estado.<br \/>\nLo anterior, en el marco de la \u201cCaminata de la Discapacidad, por la Tolerancia, la Inclusi\u00f3n y la no Discriminaci\u00f3n\u201d que se llev\u00f3 a cabo este domingo en la capital del Estado, con la participaci\u00f3n de 2 mil 900 personas.<br \/>\nFamilias enteras, atletas y personas con distintas discapacidades provenientes de los municipios de Morelia, La Piedad, Zacapu, Zamora, Paracho, Puru\u00e1ndiro, Zinap\u00e9cuaro y P\u00e1tzcuaro participaron en la caminata que comenz\u00f3 a las 9:00 horas frente a Catedral.<br \/>\nLos participantes caminaron, trotaron y corrieron 3 y 5 kil\u00f3metros sobre la avenida Madero de esta ciudad hasta el Jard\u00edn Morelos y la unidad deportiva Ej\u00e9rcito de la Revoluci\u00f3n, respectivamente, para luego regresar al punto de partida, donde recibieron, de manos de la diputada, una medalla por su inter\u00e9s de sumarse a esta causa.<br \/>\nLa tambi\u00e9n presidente de la Junta de Coordinaci\u00f3n Pol\u00edtica del Congreso del Estado agradeci\u00f3 el apoyo de los delegados de Liconsa, Ger\u00f3nimo Color Gasca; INEA, Juan Jos\u00e9 D\u00edaz Barriga; SEDATU, Alfredo Fern\u00e1ndez Peri; SEP, Israel Barrios Hern\u00e1ndez; SEMARNAT, Mauro Ram\u00f3n Ballesteros Figueroa; Secretar\u00eda de Econom\u00eda, Salvador Abud Mirabent; COFOM, Osvaldo Fern\u00e1ndez Orozco; as\u00ed como del Presidente de la Federaci\u00f3n Mexicana de Deportistas Especiales, Miguel \u00c1ngel Garc\u00eda Meza; adem\u00e1s de Selene Estrada Soto, representante del Delegado del ISSSTE; Jes\u00fas Sierra Arias, secretario Ejecutivo del Consejo Implementador del Nuevo Sistema de Justicia Penal y Mirna Yanet Garza, representante de la Senadora Roc\u00edo Pineda Gochi.<br \/>\n Hern\u00e1ndez \u00cd\u00f1iguez dej\u00f3 en claro que a\u00fan hay mucho trabajo por hacer en materia de inclusi\u00f3n y llam\u00f3 a los servidores p\u00fablicos a realizar un esfuerzo diario para impulsar este tema no s\u00f3lo en el \u00e1mbito social, sino tambi\u00e9n en el aspecto econ\u00f3mico.<br \/>\nLa legisladora por el distrito de La Piedad record\u00f3 que al interior del Congreso Local existen iniciativas que buscan impulsar la inclusi\u00f3n de las personas con discapacidad e, inclusive, se tiene la propuesta de la creaci\u00f3n de un instituto, por lo que confi\u00f3 que el pr\u00f3ximo a\u00f1o se puedan concretar mesas de trabajo con la titular del Consejo Nacional de la Discapacidad y algunas organizaciones civiles. <\/p>\n<p>Cabe resaltar que los diputados Adriana Campos, Raymundo Arreola, Elo\u00edsa Berber, Rosa Mar\u00eda de la Torre y Sergio Ochoa, acompa\u00f1aron a la legisladora tricolor en la caminata. Al concluir dicha actividad, se llev\u00f3 a cabo una exhibici\u00f3n de basquetball en silla de ruedas a cargo del equipo \u201cHalcones\u201d.<\/p>\n","protected":false},"excerpt":{"rendered":"<p>\u201cTenemos que hacer conciencia de no discriminar, de ser m\u00e1s tolerantes y de ser m\u00e1s incluyentes con las personas con discapacidad. Todos, por el simple hecho de ser michoacanos, tenemos que tratarnos como iguales, no podemos seguir permitiendo que haya actos de discriminaci\u00f3n, que no haya tolerancia ni inclusi\u00f3n\u201d, sentenci\u00f3 la diputada Adriana Hern\u00e1ndez \u00cd\u00f1iguez, coordinadora del Grupo Parlamentario del PRI en el Congreso del Estado. <\/p>\n","protected":false},"author":1,"featured_media":28804,"comment_status":"open","ping_status":"open","sticky":false,"template":"","format":"standard","meta":{"footnotes":""},"categories":[6,14,7],"tags":[],"class_list":["post-28803","post","type-post","status-publish","format-standard","has-post-thumbnail","hentry","category-congreso-del-estado","category-destacadas","category-grupo-parlamentario-del-pri"],"_links":{"self":[{"href":"https:\/\/radiowebmx.com\/nota\/wp-json\/wp\/v2\/posts\/28803","targetHints":{"allow":["GET"]}}],"collection":[{"href":"https:\/\/radiowebmx.com\/nota\/wp-json\/wp\/v2\/posts"}],"about":[{"href":"https:\/\/radiowebmx.com\/nota\/wp-json\/wp\/v2\/types\/post"}],"author":[{"embeddable":true,"href":"https:\/\/radiowebmx.com\/nota\/wp-json\/wp\/v2\/users\/1"}],"replies":[{"embeddable":true,"href":"https:\/\/radiowebmx.com\/nota\/wp-json\/wp\/v2\/comments?post=28803"}],"version-history":[{"count":1,"href":"https:\/\/radiowebmx.com\/nota\/wp-json\/wp\/v2\/posts\/28803\/revisions"}],"predecessor-version":[{"id":28806,"href":"https:\/\/radiowebmx.com\/nota\/wp-json\/wp\/v2\/posts\/28803\/revisions\/28806"}],"wp:featuredmedia":[{"embeddable":true,"href":"https:\/\/radiowebmx.com\/nota\/wp-json\/wp\/v2\/media\/28804"}],"wp:attachment":[{"href":"https:\/\/radiowebmx.com\/nota\/wp-json\/wp\/v2\/media?parent=28803"}],"wp:term":[{"taxonomy":"category","embeddable":true,"href":"https:\/\/radiowebmx.com\/nota\/wp-json\/wp\/v2\/categories?post=28803"},{"taxonomy":"post_tag","embeddable":true,"href":"https:\/\/radiowebmx.com\/nota\/wp-json\/wp\/v2\/tags?post=28803"}],"curies":[{"name":"wp","href":"https:\/\/api.w.org\/{rel}","templated":true}]}}