{"id":28796,"date":"2016-12-12T12:59:55","date_gmt":"2016-12-12T18:59:55","guid":{"rendered":"https:\/\/radiowebmx.com\/nota\/?p=28796"},"modified":"2016-12-12T12:59:55","modified_gmt":"2016-12-12T18:59:55","slug":"temas-de-cafe-565","status":"publish","type":"post","link":"https:\/\/radiowebmx.com\/nota\/temas-de-cafe-565\/","title":{"rendered":"TEMAS DE CAF\u00c9"},"content":{"rendered":"<p>\u2022\t EL EJERCITO A SUS CUARTELES<br \/>\n\u2022\tO A CREAR EL MARCO JURIDICO<br \/>\n\u2022\tPRESEA A LA UMSNH NO A SERNA<br \/>\n\u2022\tCOMIDA Y MUSICA DE MICHOACAN<br \/>\nPor Juan Manuel BELMONTE<br \/>\n\tEn una reuni\u00f3n con reporteros de los diferentes medios de comunicaci\u00f3n, el general secretario de la Defensa Nacional, Salvador Cienfuegos habl\u00f3 fuerte y claro afirm\u00f3, que los integrantes del Ej\u00e9rcito deben estar en los cuarteles, dedic\u00e1ndose a su misi\u00f3n primordial que es la defensa de M\u00e9xico, mientras que la Secretar\u00eda de Gobernaci\u00f3n le corresponde la seguridad interna, y pidi\u00f3 ayuda a los reporteros para que apoyen esta propuesta, ya que afirm\u00f3 que como est\u00e1n las cosas sin un marco jur\u00eddico, que encuadre legalmente la participaci\u00f3n de la fuerzas armadas, hay elementos que prefieren ser castigados por insubordinaci\u00f3n,  y desobedecer las \u00f3rdenes a ser juzgados posteriormente, por exceso en el uso de la fuerza y es que debemos recordar, que el ej\u00e9rcito mexicano como a todos en el mundo, se le prepara para mantener la seguridad en el exterior, no para para investigar ni perseguir a los delincuentes.<br \/>\n\tLA TAREA DE SEGURIDAD INTERNA NO LE CORRESPONDE<br \/>\n\tEl general secretario afirm\u00f3 que actualmente est\u00e1n realizando, acciones que no les corresponde, porque  no hay qui\u00e9n la puede hacer o simplemente, no est\u00e1n capacitados porque record\u00f3 que ellos, el ej\u00e9rcito no pidi\u00f3 estar en la tarea de enfrentar, a los integrantes de los grupos del crimen organizado, ya que ning\u00fan de los integrantes de la armada estudiaron, para enfrentar y o perseguir a los delincuentes.<br \/>\n\tAs\u00ed todo empez\u00f3 un 11 de diciembre del a\u00f1o 2006, cuando el entonces presidente Felipe Calder\u00f3n puso en marcha, la Operaci\u00f3n  Conjunta Michoac\u00e1n para enfrentar la galopante inseguridad, que se viv\u00eda principalmente en Tierra Caliente, al inicio de esta operaci\u00f3n estuvieron presentes el Secretario de Gobernaci\u00f3n, Francisco Ram\u00edrez Acu\u00f1a as\u00ed como el Secretario de la Sedena, Guillermo Galv\u00e1n, el titular de la Marina Mariano Francisco Saynez, entonces Michoac\u00e1n estaba gobernado por L\u00e1zaro C\u00e1rdenas Batel, a quien la inseguridad se le hab\u00eda ido de las manos. As\u00ed empez\u00f3 la llamada guerra contra las drogas, en la cual M\u00e9xico sali\u00f3 perdiendo porque en esta d\u00e9cada, de esta guerra el pa\u00eds se ha ba\u00f1ado en sangre, ya que se puso en pr\u00e1ctica esta operaci\u00f3n, sin tener la informaci\u00f3n adecuada sobre el poder\u00edo, de estos grupos del crimen organizado.<br \/>\n\t\t\u00bfSIGNIFICA QUE LOS MALOS GANARON?<br \/>\n\tPara algunos analistas en materia de seguridad, significa que lo malos ganaron por lo menos esta partid, porque si efectivamente el ej\u00e9rcito y la Marina, se regresan a los cuarteles usted sabe que la Polic\u00eda Federal, la Gendarmer\u00eda y las polic\u00edas estatales y menos las municipales, pueden hacer algo por lo tanto podr\u00eda ser que, sin el ej\u00e9rcito y la Marina los grupos de delincuentes, se apoderar\u00edan m\u00e1s del territorio nacional m\u00e1s de lo que ya lo tienen, y claro esto ser\u00eda en favor de ellos.<br \/>\n Porque si as\u00ed fuera la verdad no sabemos qu\u00e9 pueda pasar, en el pa\u00eds en manos de la delincuencia organizada,  sin que nadie nos defienda porque quienes se atrevieron a hacerlo, como Mireles e Hip\u00f3lito est\u00e1n  o amenazados y en prisi\u00f3n, por su osad\u00eda de querer limpiar al estado y al pa\u00eds, de estos grupos obvio el Ej\u00e9rcito y la Marina, no regresar\u00e1n a los cuarteles m\u00e1s bien se crear\u00e1 el marco jur\u00eddico, para que en todo caso no sean sancionados por militares, en caso de las muertes por defensa propia.<br \/>\nRECONOCEN ESPIRITU HUMANISTA DE LA UMNSH<br \/>\nLos integrantes del Consejo de la Comisi\u00f3n Estatal de los Derechos Humamos en Michoac\u00e1n, decidi\u00f3 entregar la Presea al M\u00e9rito de Derechos Humanos, a la Universidad Michoacana de San Nicol\u00e1s de Hidalgo, la cual fue recibida por el rector de la M\u00e1xima Casa de Estudios en la entidad, Medardo Serna la presea fue entregada por el presidente, de la Comisi\u00f3n Estatal de los Derechos Humanos, V\u00edctor Manuel Serrato quien afirm\u00f3 que la presea, tiene un simbolismo mayor, ahora que la Universidad Michoacana, est\u00e1 a unos meses de que cumplir el primer centenario de su fundaci\u00f3n.<br \/>\nAgreg\u00f3 el ombudsman michoacano que este reconocimiento, tambi\u00e9n se debe hacer extensivo a los miles de egresados, de la Casa de Hidalgo, quienes est\u00e1n conscientes del respeto que se debe tener,  de los derechos humanos mientras tanto el rector, agradeci\u00f3 la entrega de la presea afirmando que la Universidad Michoacana, es una instituci\u00f3n p\u00fablica al servicio del pueblo, entre cuyos  objetivos destaca el  hacer cumplir los principios, que contribuyan al respeto  a la dignidad humana.<br \/>\n Por cierto llama la atenci\u00f3n la actitud de algunos legisladores michoacanos, quienes criticaron la entrega de esta presea, al rector y no es a la persona es a la instituci\u00f3n, y puede ser que lo hacen porque no saben ni conocen los principios, del Nicolaicismo, al no ser egresados de la Casa de Hidalgo, y si lo son terrible han olvidado lo que es ser Nicolaita, cuya herencia proviene del pensamiento de grandes hombres, como Vasco de Quiroga, Hidalgo, Morelos y Melchor Ocampo.<br \/>\n\t\u00bfLULA A LA CUARTA, AMLO A LA TERCERA?<br \/>\nLa visita que realiz\u00f3 Andr\u00e9s Manuel L\u00f3pez Obrador, a Televisa al programa matutino de Carlos Loret de Mola, provoc\u00f3 muchos comentarios primero de los radicales de Morena, a quienes no les gust\u00f3 que su l\u00edder Amlo, haya cedido a las invitaciones del conductor, de este programa despu\u00e9s de ocho a\u00f1os de no haber pisado, los foros de televisi\u00f3n de esta empresa a la cual, Amlo siempre ha criticado como parte de la mafia del poder, mientras que para otros es una muestra plena de que Amlo, ha empezado a redise\u00f1arse como condici\u00f3n de lograr acceder al poder.<br \/>\nComo usted recordar\u00e1 Amlo va por su tercera ocasi\u00f3n, tras la presidencia de M\u00e9xico en dos ocasiones, ha participado y ha perdido por un u otra raz\u00f3n, a\u00fan cuando usted recordar\u00e1 siempre antes de las campa\u00f1as, y de las elecciones encabez\u00f3 las encuestas, igual que ahora pero ha estado cambiando, en lo esencial sigue igual contra Salinas de Gortari, pero se mantiene contra lo que llama la mafia del poder, pero debe leer la historia de Lula ex presidente brasile\u00f1o, quien como le comentamos particip\u00f3 en cuatro, procesos electorales,   en 1989, en 1994, en 1998 y fue hasta la cuarta ocasi\u00f3n, que pudo ganar  la presidencia del Brasil.<br \/>\n\tCON EL APOYO DE LA OLIGARQUIA BRASILE\u00d1A<br \/>\nLula tambi\u00e9n fue uno personaje que se caracteriz\u00f3, por ser un luchador social y siempre encabez\u00f3, los anhelos de los m\u00e1s necesitados, de los pobres, de los habitantes de las favelas, y siempre perdi\u00f3 las elecciones hasta que despu\u00e9s, de su cuarta derrota se le vino la iluminaci\u00f3n y se dio cuenta, de que si no llegaba a contar con el apoyo de los ricos, de los due\u00f1os de la econom\u00eda del Brasil, nunca ganar\u00eda una elecci\u00f3n aunque contara, con el voto y el apoyo de los pobres y marginados. El \u00fanico presidente que ha ganado con el apoyo de los ind\u00edgenas, porque en Bolivia son mayor\u00eda es Evo Morales.<br \/>\nSILVANO POROPONE LUGAR PARA COMIDA MICHOACANA<br \/>\nEl mandatario estatal Silvano Aureoles ha propuesto, una idea que nos parece excelente, un lugar apropiado para presentar la comida michoacana, la cual tiene una enorme variedad de colores y sabores, adem\u00e1s desde luego cada espacio para la comida, de la costa por ejemplo tendr\u00eda conjuntos musicales, con la especialidad de la regi\u00f3n as\u00ed por ejemplo de la Meseta, o de la parte de la Tierra Caliente, de la costa ya que Michoac\u00e1n cuenta con un amplio litoral, obviamente nos parece una idea, que bien puede concretarse en un breve tiempo.<br \/>\nDONDE HOY ESTA EL CENTRO PENAL<br \/>\nEl centro penal que se encuentra ya dentro de la mancha urbana, en Ocolusen quedar\u00eda excelente por la ubicaci\u00f3n, no se tendr\u00eda que ir a un lugar lejano, porque ya no quedan espacios de terreno grandes, como para construir un centro gastron\u00f3mico michoacano, adem\u00e1s el presidente de la Comisi\u00f3n Estatal de los Derechos Humanos, Manuel Serrato ha justificado el cierre de este centro penal, porque ya cumpli\u00f3 su ciclo.<br \/>\n Por cierto es justo reconocer este centro gastron\u00f3mico, para la comida michoacana que usted sabe, ha sido reconocida por la Unesco, como patrimonio de la Humanidad, tendr\u00eda espacios dignos  para mostrar todo lo bueno que tiene la comida michoacana, adem\u00e1s seguramente pronto se convertir\u00eda en un gran atractivo, tur\u00edstico  en esta ciudad de Morelia. \t<\/p>\n","protected":false},"excerpt":{"rendered":"<p>\u2022\t EL EJERCITO A SUS CUARTELES \u2022\tO A CREAR EL MARCO JURIDICO \u2022\tPRESEA A LA UMSNH NO A SERNA \u2022\tCOMIDA Y MUSICA DE MICHOACAN<\/p>\n","protected":false},"author":1,"featured_media":0,"comment_status":"open","ping_status":"open","sticky":false,"template":"","format":"standard","meta":{"footnotes":""},"categories":[4,10],"tags":[],"class_list":["post-28796","post","type-post","status-publish","format-standard","hentry","category-columnistas","category-juan-manuel-belmonte"],"_links":{"self":[{"href":"https:\/\/radiowebmx.com\/nota\/wp-json\/wp\/v2\/posts\/28796","targetHints":{"allow":["GET"]}}],"collection":[{"href":"https:\/\/radiowebmx.com\/nota\/wp-json\/wp\/v2\/posts"}],"about":[{"href":"https:\/\/radiowebmx.com\/nota\/wp-json\/wp\/v2\/types\/post"}],"author":[{"embeddable":true,"href":"https:\/\/radiowebmx.com\/nota\/wp-json\/wp\/v2\/users\/1"}],"replies":[{"embeddable":true,"href":"https:\/\/radiowebmx.com\/nota\/wp-json\/wp\/v2\/comments?post=28796"}],"version-history":[{"count":1,"href":"https:\/\/radiowebmx.com\/nota\/wp-json\/wp\/v2\/posts\/28796\/revisions"}],"predecessor-version":[{"id":28797,"href":"https:\/\/radiowebmx.com\/nota\/wp-json\/wp\/v2\/posts\/28796\/revisions\/28797"}],"wp:attachment":[{"href":"https:\/\/radiowebmx.com\/nota\/wp-json\/wp\/v2\/media?parent=28796"}],"wp:term":[{"taxonomy":"category","embeddable":true,"href":"https:\/\/radiowebmx.com\/nota\/wp-json\/wp\/v2\/categories?post=28796"},{"taxonomy":"post_tag","embeddable":true,"href":"https:\/\/radiowebmx.com\/nota\/wp-json\/wp\/v2\/tags?post=28796"}],"curies":[{"name":"wp","href":"https:\/\/api.w.org\/{rel}","templated":true}]}}