{"id":28793,"date":"2016-12-12T12:55:45","date_gmt":"2016-12-12T18:55:45","guid":{"rendered":"https:\/\/radiowebmx.com\/nota\/?p=28793"},"modified":"2016-12-12T12:55:45","modified_gmt":"2016-12-12T18:55:45","slug":"plantel-villamar-del-cobaem-celebra-su-31-aniversario","status":"publish","type":"post","link":"https:\/\/radiowebmx.com\/nota\/plantel-villamar-del-cobaem-celebra-su-31-aniversario\/","title":{"rendered":"Plantel Villamar del Cobaem celebra su 31 aniversario"},"content":{"rendered":"<p><img loading=\"lazy\" decoding=\"async\" src=\"https:\/\/radiowebmx.com\/nota\/wp-content\/uploads\/2016\/12\/5a3daec9-8a4a-4f12-9980-098377415a14.jpg\" alt=\"5a3daec9-8a4a-4f12-9980-098377415a14\" width=\"709\" height=\"399\" class=\"alignleft size-full wp-image-28794\" srcset=\"https:\/\/radiowebmx.com\/nota\/wp-content\/uploads\/2016\/12\/5a3daec9-8a4a-4f12-9980-098377415a14.jpg 709w, https:\/\/radiowebmx.com\/nota\/wp-content\/uploads\/2016\/12\/5a3daec9-8a4a-4f12-9980-098377415a14-300x169.jpg 300w, https:\/\/radiowebmx.com\/nota\/wp-content\/uploads\/2016\/12\/5a3daec9-8a4a-4f12-9980-098377415a14-642x362.jpg 642w, https:\/\/radiowebmx.com\/nota\/wp-content\/uploads\/2016\/12\/5a3daec9-8a4a-4f12-9980-098377415a14-128x72.jpg 128w\" sizes=\"auto, (max-width: 709px) 100vw, 709px\" \/><\/p>\n<p>Villamar, Michoac\u00e1n, a 12 de diciembre de 2016.- El Colegio de Bachilleres del Estado de Michoac\u00e1n (Cobaem),tiene el objetivo de formar profesionistas y de generar oportunidades de crecimiento profesional para las y los j\u00f3venes de la entidad, se\u00f1alo el coordinador de Oficinas Centrales, Roberto Ambris Mendoza, durante la celebraci\u00f3n del 31 aniversario del plantel Villamar.<\/p>\n<p>Con la representaci\u00f3n del director general, Alejandro Bustos Aguilar, destac\u00f3 el compromiso de personal directivo, docente, administrativo, padres de familia y autoridades municipales para lograr el crecimiento de la instituci\u00f3n. <\/p>\n<p>\u201cA la fecha han egresado 956 alumnas y alumnos de este plantel, destacando y poniendo en alto el nombre de Villamar. Hombres y mujeres de bien, comprometidos con su pueblo, laboralmente activas y activos que supieron aprovechar la oportunidad que brinda nuestro subsistema\u201d, resalt\u00f3.<\/p>\n<p>Finalmente, Roberto Ambris subray\u00f3 que el personal docente tiene la premisa de comprometerse con sus funciones, ya que la pr\u00e1ctica creativa docente es el eje sustantivo en la formaci\u00f3n de hombres y mujeres que la sociedad requiere. <\/p>\n","protected":false},"excerpt":{"rendered":"<p>El Colegio de Bachilleres del Estado de Michoac\u00e1n (Cobaem),tiene el objetivo de formar profesionistas y de generar oportunidades de crecimiento profesional para las y los j\u00f3venes de la entidad, se\u00f1alo el coordinador de Oficinas Centrales, Roberto Ambris Mendoza, durante la celebraci\u00f3n del 31 aniversario del plantel Villamar.<\/p>\n","protected":false},"author":1,"featured_media":28794,"comment_status":"open","ping_status":"open","sticky":false,"template":"","format":"standard","meta":{"footnotes":""},"categories":[14,3],"tags":[],"class_list":["post-28793","post","type-post","status-publish","format-standard","has-post-thumbnail","hentry","category-destacadas","category-gobierno-del-estado-de-michoacan"],"_links":{"self":[{"href":"https:\/\/radiowebmx.com\/nota\/wp-json\/wp\/v2\/posts\/28793","targetHints":{"allow":["GET"]}}],"collection":[{"href":"https:\/\/radiowebmx.com\/nota\/wp-json\/wp\/v2\/posts"}],"about":[{"href":"https:\/\/radiowebmx.com\/nota\/wp-json\/wp\/v2\/types\/post"}],"author":[{"embeddable":true,"href":"https:\/\/radiowebmx.com\/nota\/wp-json\/wp\/v2\/users\/1"}],"replies":[{"embeddable":true,"href":"https:\/\/radiowebmx.com\/nota\/wp-json\/wp\/v2\/comments?post=28793"}],"version-history":[{"count":1,"href":"https:\/\/radiowebmx.com\/nota\/wp-json\/wp\/v2\/posts\/28793\/revisions"}],"predecessor-version":[{"id":28795,"href":"https:\/\/radiowebmx.com\/nota\/wp-json\/wp\/v2\/posts\/28793\/revisions\/28795"}],"wp:featuredmedia":[{"embeddable":true,"href":"https:\/\/radiowebmx.com\/nota\/wp-json\/wp\/v2\/media\/28794"}],"wp:attachment":[{"href":"https:\/\/radiowebmx.com\/nota\/wp-json\/wp\/v2\/media?parent=28793"}],"wp:term":[{"taxonomy":"category","embeddable":true,"href":"https:\/\/radiowebmx.com\/nota\/wp-json\/wp\/v2\/categories?post=28793"},{"taxonomy":"post_tag","embeddable":true,"href":"https:\/\/radiowebmx.com\/nota\/wp-json\/wp\/v2\/tags?post=28793"}],"curies":[{"name":"wp","href":"https:\/\/api.w.org\/{rel}","templated":true}]}}