{"id":28789,"date":"2016-12-12T12:52:43","date_gmt":"2016-12-12T18:52:43","guid":{"rendered":"https:\/\/radiowebmx.com\/nota\/?p=28789"},"modified":"2016-12-12T12:53:09","modified_gmt":"2016-12-12T18:53:09","slug":"ayuntamiento-de-morelia-capacita-a-cocineras-tradicionales-de-san-nicolas-obispo","status":"publish","type":"post","link":"https:\/\/radiowebmx.com\/nota\/ayuntamiento-de-morelia-capacita-a-cocineras-tradicionales-de-san-nicolas-obispo\/","title":{"rendered":"Ayuntamiento de Morelia capacita a Cocineras tradicionales de San Nicol\u00e1s Obispo"},"content":{"rendered":"<p><img loading=\"lazy\" decoding=\"async\" src=\"https:\/\/radiowebmx.com\/nota\/wp-content\/uploads\/2016\/12\/cf36b786-60be-4a7d-b57a-686d06d13f8a.jpg\" alt=\"cf36b786-60be-4a7d-b57a-686d06d13f8a\" width=\"709\" height=\"531\" class=\"alignleft size-full wp-image-28790\" srcset=\"https:\/\/radiowebmx.com\/nota\/wp-content\/uploads\/2016\/12\/cf36b786-60be-4a7d-b57a-686d06d13f8a.jpg 709w, https:\/\/radiowebmx.com\/nota\/wp-content\/uploads\/2016\/12\/cf36b786-60be-4a7d-b57a-686d06d13f8a-300x225.jpg 300w\" sizes=\"auto, (max-width: 709px) 100vw, 709px\" \/><\/p>\n<p>En el marco de la pr\u00f3xima Feria del Molcajete de San Nicol\u00e1s Obispo, la Coordinaci\u00f3n de Protecci\u00f3n Civil en colaboraci\u00f3n con la Secretar\u00eda de Turismo Municipal, ofrecieron un curso de capacitaci\u00f3n en el manejo correcto de medidas de seguridad en tomas de gas, dirigido a las cocineras tradicionales de esta tenencia, en virtud de que ser\u00e1n 10 los stands que se dedicar\u00e1n a ofrecer comida t\u00edpica de esta regi\u00f3n.<\/p>\n<p>Durante esta capacitaci\u00f3n se abordaron temas sobre salubridad en las instalaciones y \u00e1reas de la cocina, la higiene personal, t\u00e9cnica de lavado de manos, limpieza de superficies, el manejo de residuos y la contaminaci\u00f3n de alimentos.<\/p>\n<p>Es por ello que en el marco de esta feria el Ayuntamiento de Morelia que encabeza el Presidente Municipal, Alfonso Mart\u00ednez Alc\u00e1zar, a trav\u00e9s de sus diversas dependencias ha girado instrucciones tendientes a la seguridad de los visitantes durante los d\u00edas 16, 17 y 18 de diciembre, fechas en que se realizar\u00e1 esta feria.<\/p>\n<p>Con estas acciones, el Gobierno Municipal proyecta a las tenencias de la ciudad en materia artesanal ya que estas capacitaciones podr\u00e1n llevar a los m\u00e1s de 4 mil asistentes que se esperan en esta feria, un mejor servicio gastron\u00f3mico y cultural, impulsando as\u00ed las tradiciones y colocando a la tenencia como un destino tur\u00edstico.<\/p>\n","protected":false},"excerpt":{"rendered":"<p>En el marco de la pr\u00f3xima Feria del Molcajete de San Nicol\u00e1s Obispo, la Coordinaci\u00f3n de Protecci\u00f3n Civil en colaboraci\u00f3n con la Secretar\u00eda de Turismo Municipal, ofrecieron un curso de capacitaci\u00f3n en el manejo correcto de medidas de seguridad en tomas de gas, dirigido a las cocineras tradicionales de esta tenencia, en virtud de que ser\u00e1n 10 los stands que se dedicar\u00e1n a ofrecer comida t\u00edpica de esta regi\u00f3n.<\/p>\n","protected":false},"author":1,"featured_media":28790,"comment_status":"open","ping_status":"open","sticky":false,"template":"","format":"standard","meta":{"footnotes":""},"categories":[14,9],"tags":[],"class_list":["post-28789","post","type-post","status-publish","format-standard","has-post-thumbnail","hentry","category-destacadas","category-morelia"],"_links":{"self":[{"href":"https:\/\/radiowebmx.com\/nota\/wp-json\/wp\/v2\/posts\/28789","targetHints":{"allow":["GET"]}}],"collection":[{"href":"https:\/\/radiowebmx.com\/nota\/wp-json\/wp\/v2\/posts"}],"about":[{"href":"https:\/\/radiowebmx.com\/nota\/wp-json\/wp\/v2\/types\/post"}],"author":[{"embeddable":true,"href":"https:\/\/radiowebmx.com\/nota\/wp-json\/wp\/v2\/users\/1"}],"replies":[{"embeddable":true,"href":"https:\/\/radiowebmx.com\/nota\/wp-json\/wp\/v2\/comments?post=28789"}],"version-history":[{"count":2,"href":"https:\/\/radiowebmx.com\/nota\/wp-json\/wp\/v2\/posts\/28789\/revisions"}],"predecessor-version":[{"id":28792,"href":"https:\/\/radiowebmx.com\/nota\/wp-json\/wp\/v2\/posts\/28789\/revisions\/28792"}],"wp:featuredmedia":[{"embeddable":true,"href":"https:\/\/radiowebmx.com\/nota\/wp-json\/wp\/v2\/media\/28790"}],"wp:attachment":[{"href":"https:\/\/radiowebmx.com\/nota\/wp-json\/wp\/v2\/media?parent=28789"}],"wp:term":[{"taxonomy":"category","embeddable":true,"href":"https:\/\/radiowebmx.com\/nota\/wp-json\/wp\/v2\/categories?post=28789"},{"taxonomy":"post_tag","embeddable":true,"href":"https:\/\/radiowebmx.com\/nota\/wp-json\/wp\/v2\/tags?post=28789"}],"curies":[{"name":"wp","href":"https:\/\/api.w.org\/{rel}","templated":true}]}}