{"id":28786,"date":"2016-12-12T12:48:00","date_gmt":"2016-12-12T18:48:00","guid":{"rendered":"https:\/\/radiowebmx.com\/nota\/?p=28786"},"modified":"2016-12-12T12:48:00","modified_gmt":"2016-12-12T18:48:00","slug":"encabeza-alfonso-martinez-acto-civico-conmemorativo-al-viii-aniversario-luctuoso-de-amalia-solorzano","status":"publish","type":"post","link":"https:\/\/radiowebmx.com\/nota\/encabeza-alfonso-martinez-acto-civico-conmemorativo-al-viii-aniversario-luctuoso-de-amalia-solorzano\/","title":{"rendered":"Encabeza Alfonso Mart\u00ednez acto c\u00edvico conmemorativo al VIII aniversario luctuoso de Amalia Sol\u00f3rzano"},"content":{"rendered":"<p><img loading=\"lazy\" decoding=\"async\" src=\"https:\/\/radiowebmx.com\/nota\/wp-content\/uploads\/2016\/12\/20f585d0-5322-443f-b5b0-241638af4d91.jpeg\" alt=\"20f585d0-5322-443f-b5b0-241638af4d91\" width=\"709\" height=\"472\" class=\"alignleft size-full wp-image-28787\" srcset=\"https:\/\/radiowebmx.com\/nota\/wp-content\/uploads\/2016\/12\/20f585d0-5322-443f-b5b0-241638af4d91.jpeg 709w, https:\/\/radiowebmx.com\/nota\/wp-content\/uploads\/2016\/12\/20f585d0-5322-443f-b5b0-241638af4d91-300x200.jpeg 300w\" sizes=\"auto, (max-width: 709px) 100vw, 709px\" \/><\/p>\n<p>El Presidente Municipal de Morelia, Alfonso Mart\u00ednez Alc\u00e1zar, encabez\u00f3 este lunes el acto c\u00edvico conmemorativo al VIII aniversario luctuoso de Do\u00f1a Amalia Sol\u00f3rzano Bravo, quien fuera esposa del General L\u00e1zaro C\u00e1rdenas y Primera Dama de M\u00e9xico.<\/p>\n<p>Acompa\u00f1ado por el Rector de la Universidad Michoacana de San Nicol\u00e1s de Hidalgo, Medardo Serna Gonzales; el S\u00edndico Municipal, Fabio Sistos Rangel; el Secretario del Ayuntamiento, Jes\u00fas Avalos Plata; as\u00ed como integrantes del Honorable Cabildo, Secretarios Municipales, representantes del Gobierno Estatal y familiares de la homenajeada, el Alcalde realiz\u00f3 a nombre del Ayuntamiento el dep\u00f3sito de la ofrenda floral al pie del monumento que conmemora a la mujer que fuera esposa del general L\u00e1zaro C\u00e1rdenas.<\/p>\n<p>En este marco, Alfonso Mart\u00ednez reconoci\u00f3 la importante labor realizada por la nacida en Tac\u00e1mbaro, Michoac\u00e1n en 1912, para empoderar el papel femenino en la sociedad, adem\u00e1s de su aportaci\u00f3n en beneficio de las causas sociales en nuestro pa\u00eds.<\/p>\n<p>La madre del Ingeniero Cuauht\u00e9moc C\u00e1rdenas Sol\u00f3rzano, ex Gobernador de Michoac\u00e1n y ex candidato presidencial, fue una primera dama presidencial profesional y altruista, al recibir constantes invitaciones alrededor del mundo para honrar trabajos en beneficio de las causas sociales como las que apoyara su esposo.<\/p>\n<p>Amalia Sol\u00f3rzano falleci\u00f3 el 12 de diciembre del 2008, a la edad de 97 a\u00f1os en la Ciudad de Mexico.<\/p>\n","protected":false},"excerpt":{"rendered":"<p>El Presidente Municipal de Morelia, Alfonso Mart\u00ednez Alc\u00e1zar, encabez\u00f3 este lunes el acto c\u00edvico conmemorativo al VIII aniversario luctuoso de Do\u00f1a Amalia Sol\u00f3rzano Bravo, quien fuera esposa del General L\u00e1zaro C\u00e1rdenas y Primera Dama de M\u00e9xico.<\/p>\n","protected":false},"author":1,"featured_media":28787,"comment_status":"open","ping_status":"open","sticky":false,"template":"","format":"standard","meta":{"footnotes":""},"categories":[14,9],"tags":[],"class_list":["post-28786","post","type-post","status-publish","format-standard","has-post-thumbnail","hentry","category-destacadas","category-morelia"],"_links":{"self":[{"href":"https:\/\/radiowebmx.com\/nota\/wp-json\/wp\/v2\/posts\/28786","targetHints":{"allow":["GET"]}}],"collection":[{"href":"https:\/\/radiowebmx.com\/nota\/wp-json\/wp\/v2\/posts"}],"about":[{"href":"https:\/\/radiowebmx.com\/nota\/wp-json\/wp\/v2\/types\/post"}],"author":[{"embeddable":true,"href":"https:\/\/radiowebmx.com\/nota\/wp-json\/wp\/v2\/users\/1"}],"replies":[{"embeddable":true,"href":"https:\/\/radiowebmx.com\/nota\/wp-json\/wp\/v2\/comments?post=28786"}],"version-history":[{"count":1,"href":"https:\/\/radiowebmx.com\/nota\/wp-json\/wp\/v2\/posts\/28786\/revisions"}],"predecessor-version":[{"id":28788,"href":"https:\/\/radiowebmx.com\/nota\/wp-json\/wp\/v2\/posts\/28786\/revisions\/28788"}],"wp:featuredmedia":[{"embeddable":true,"href":"https:\/\/radiowebmx.com\/nota\/wp-json\/wp\/v2\/media\/28787"}],"wp:attachment":[{"href":"https:\/\/radiowebmx.com\/nota\/wp-json\/wp\/v2\/media?parent=28786"}],"wp:term":[{"taxonomy":"category","embeddable":true,"href":"https:\/\/radiowebmx.com\/nota\/wp-json\/wp\/v2\/categories?post=28786"},{"taxonomy":"post_tag","embeddable":true,"href":"https:\/\/radiowebmx.com\/nota\/wp-json\/wp\/v2\/tags?post=28786"}],"curies":[{"name":"wp","href":"https:\/\/api.w.org\/{rel}","templated":true}]}}