{"id":28783,"date":"2016-12-12T12:45:24","date_gmt":"2016-12-12T18:45:24","guid":{"rendered":"https:\/\/radiowebmx.com\/nota\/?p=28783"},"modified":"2016-12-12T12:45:24","modified_gmt":"2016-12-12T18:45:24","slug":"gobierno-del-estado-cerrara-el-ano-con-mas-obras-en-comunidades-indigenas-spi","status":"publish","type":"post","link":"https:\/\/radiowebmx.com\/nota\/gobierno-del-estado-cerrara-el-ano-con-mas-obras-en-comunidades-indigenas-spi\/","title":{"rendered":"Gobierno del Estado cerrar\u00e1 el a\u00f1o con m\u00e1s obras en comunidades ind\u00edgenas: SPI"},"content":{"rendered":"<p><img loading=\"lazy\" decoding=\"async\" src=\"https:\/\/radiowebmx.com\/nota\/wp-content\/uploads\/2016\/12\/3f54a6dc-1381-4722-8438-d353f74eed91.jpg\" alt=\"3f54a6dc-1381-4722-8438-d353f74eed91\" width=\"709\" height=\"472\" class=\"alignleft size-full wp-image-28784\" srcset=\"https:\/\/radiowebmx.com\/nota\/wp-content\/uploads\/2016\/12\/3f54a6dc-1381-4722-8438-d353f74eed91.jpg 709w, https:\/\/radiowebmx.com\/nota\/wp-content\/uploads\/2016\/12\/3f54a6dc-1381-4722-8438-d353f74eed91-300x200.jpg 300w\" sizes=\"auto, (max-width: 709px) 100vw, 709px\" \/><\/p>\n<p>Morelia, Michoac\u00e1n, a 12 de diciembre de 2016.- El Gobierno del Estado, que encabeza el Gobernador Silvano Aureoles Conejo, cerrar\u00e1 el a\u00f1o entregando m\u00e1s obras de infraestructura y equipamiento m\u00e9dico, hidr\u00e1ulico, educativo y de vialidad en comunidades ind\u00edgenas, asegur\u00f3 el titular de la Secretar\u00eda de Pueblos Ind\u00edgenas (SPI), Mart\u00edn Garc\u00eda Avil\u00e9s, quien ante un grupo de comuneros destac\u00f3 que dichas acciones se realizan sin distingos partidarios o de otra \u00edndole, pues \u201ccuando se gobierna se hace para todos\u201d.<\/p>\n<p>Record\u00f3 que en menos de dos meses de estar al frente de la SPI se ha reunido con m\u00e1s de 200 autoridades mazahuas, nahuas, otom\u00edes y pur\u00e9pechas, as\u00ed como como con alcaldes de una veintena de municipios y l\u00edderes sociales de diferente orientaci\u00f3n pol\u00edtica, \u201cporque esa es la misi\u00f3n de un gobierno democr\u00e1tico: hablar y tomar acuerdos con todos los interesados en el desarrollo\u201d, sin pretender la unanimidad, porque si algo tiene el servicio p\u00fablico y la pol\u00edtica en general, \u201ces que son pasi\u00f3n y las pasiones se desbordan\u201d.<\/p>\n<p>Se\u00f1al\u00f3 que el servicio que dar\u00e1 el convoy de cuatro unidades m\u00f3viles para la salud ha generado ya mucha expectativa, por lo que autoridades comunitarias de los siete municipios donde inicia esta jornada, alzan la mano para ser consideradas en lo inmediato por el moderno servicio con tecnolog\u00eda de punta y pertinencia cultural y ling\u00fc\u00edstica.<\/p>\n<p>Indic\u00f3 que el potencial de la SPI \u201ces enorme, dentro de las carencias\u201d, y volvi\u00f3 a hacer un llamado respetuoso para que legisladores locales reasignen presupuesto a la dependencia en 2017, pero que en cualquier caso, dijo, la Secretar\u00eda desarrollar\u00e1 al m\u00e1ximo el mandato de ser una dependencia facilitadora de la convergencia institucional, privada y social en beneficio de los pueblos ind\u00edgenas michoacanos.<\/p>\n","protected":false},"excerpt":{"rendered":"<p>El Gobierno del Estado, que encabeza el Gobernador Silvano Aureoles Conejo, cerrar\u00e1 el a\u00f1o entregando m\u00e1s obras de infraestructura y equipamiento m\u00e9dico, hidr\u00e1ulico, educativo y de vialidad en comunidades ind\u00edgenas, asegur\u00f3 el titular de la Secretar\u00eda de Pueblos Ind\u00edgenas (SPI)<\/p>\n","protected":false},"author":1,"featured_media":28784,"comment_status":"open","ping_status":"open","sticky":false,"template":"","format":"standard","meta":{"footnotes":""},"categories":[14,3],"tags":[],"class_list":["post-28783","post","type-post","status-publish","format-standard","has-post-thumbnail","hentry","category-destacadas","category-gobierno-del-estado-de-michoacan"],"_links":{"self":[{"href":"https:\/\/radiowebmx.com\/nota\/wp-json\/wp\/v2\/posts\/28783","targetHints":{"allow":["GET"]}}],"collection":[{"href":"https:\/\/radiowebmx.com\/nota\/wp-json\/wp\/v2\/posts"}],"about":[{"href":"https:\/\/radiowebmx.com\/nota\/wp-json\/wp\/v2\/types\/post"}],"author":[{"embeddable":true,"href":"https:\/\/radiowebmx.com\/nota\/wp-json\/wp\/v2\/users\/1"}],"replies":[{"embeddable":true,"href":"https:\/\/radiowebmx.com\/nota\/wp-json\/wp\/v2\/comments?post=28783"}],"version-history":[{"count":1,"href":"https:\/\/radiowebmx.com\/nota\/wp-json\/wp\/v2\/posts\/28783\/revisions"}],"predecessor-version":[{"id":28785,"href":"https:\/\/radiowebmx.com\/nota\/wp-json\/wp\/v2\/posts\/28783\/revisions\/28785"}],"wp:featuredmedia":[{"embeddable":true,"href":"https:\/\/radiowebmx.com\/nota\/wp-json\/wp\/v2\/media\/28784"}],"wp:attachment":[{"href":"https:\/\/radiowebmx.com\/nota\/wp-json\/wp\/v2\/media?parent=28783"}],"wp:term":[{"taxonomy":"category","embeddable":true,"href":"https:\/\/radiowebmx.com\/nota\/wp-json\/wp\/v2\/categories?post=28783"},{"taxonomy":"post_tag","embeddable":true,"href":"https:\/\/radiowebmx.com\/nota\/wp-json\/wp\/v2\/tags?post=28783"}],"curies":[{"name":"wp","href":"https:\/\/api.w.org\/{rel}","templated":true}]}}