{"id":28770,"date":"2016-12-12T12:22:46","date_gmt":"2016-12-12T18:22:46","guid":{"rendered":"https:\/\/radiowebmx.com\/nota\/?p=28770"},"modified":"2016-12-12T12:22:46","modified_gmt":"2016-12-12T18:22:46","slug":"unen-esfuerzos-cofom-y-ayuntamiento-de-madero-en-favor-de-recursos-forestales","status":"publish","type":"post","link":"https:\/\/radiowebmx.com\/nota\/unen-esfuerzos-cofom-y-ayuntamiento-de-madero-en-favor-de-recursos-forestales\/","title":{"rendered":"Unen esfuerzos Cofom y Ayuntamiento de Madero en favor de recursos forestales"},"content":{"rendered":"<p><img loading=\"lazy\" decoding=\"async\" src=\"https:\/\/radiowebmx.com\/nota\/wp-content\/uploads\/2016\/12\/d4c0991c-fd70-486f-93b7-ede91c3b2012.jpg\" alt=\"d4c0991c-fd70-486f-93b7-ede91c3b2012\" width=\"709\" height=\"504\" class=\"alignleft size-full wp-image-28771\" srcset=\"https:\/\/radiowebmx.com\/nota\/wp-content\/uploads\/2016\/12\/d4c0991c-fd70-486f-93b7-ede91c3b2012.jpg 709w, https:\/\/radiowebmx.com\/nota\/wp-content\/uploads\/2016\/12\/d4c0991c-fd70-486f-93b7-ede91c3b2012-300x213.jpg 300w\" sizes=\"auto, (max-width: 709px) 100vw, 709px\" \/><\/p>\n<p>Villa Madero, Michoac\u00e1n, a 11 de diciembre de 2016.- Al destacar que contin\u00faan el fortalecimiento las acciones para frenar la deforestaci\u00f3n,  la tala clandestina y los cambios de uso de suelo, el director general de la Comisi\u00f3n Forestal del Estado de Michoac\u00e1n (Cofom), Roberto P\u00e9rez Medrano, reconoci\u00f3 el compromiso de los ayuntamientos para sumarse a las tareas de protecci\u00f3n y conservaci\u00f3n de los recursos forestales.<\/p>\n<p>El funcionario estatal enfatiz\u00f3 lo anterior al signar un Convenio de Colaboraci\u00f3n con el Ayuntamiento de este municipio, que encabeza Jorge Ortega \u00c1vila, en materia de capacitaci\u00f3n y asesor\u00eda en inspecci\u00f3n y vigilancia forestal, el cual permitir\u00e1 que el Ayuntamiento, en el \u00e1mbito de sus competencias, cuente con mejores herramientas en la protecci\u00f3n y sustentabilidad de los recursos naturales.<\/p>\n<p>Adem\u00e1s de Madero, los municipios de Zacapu e Hidalgo se han sumado en el \u00faltimo mes  a este tipo de acciones que de manera coordinada desarrollan en la entidad los Gobiernos Federal y Estatal.<\/p>\n<p>P\u00e9rez Medrano resalt\u00f3 que la administraci\u00f3n que encabeza el Gobernador Silvano Aureoles Conejo, opera y coordina acciones para revertir la tasa de deforestaci\u00f3n que enfrenta Michoac\u00e1n, ocasionada por el cambio de suelo y la tala clandestina, adem\u00e1s de otros factores, como plagas e incendios forestales.<\/p>\n<p>Ante ello, expuso que se ha creado la Mesa Ambiental, que ya opera la Polic\u00eda Ambiental, que se fortalece la Fiscal\u00eda Especializada Contra Delitos Ambientales y que se trabaja en el dise\u00f1o e implementaci\u00f3n de un Impuesto por el Pago de Servicios Ambientales.<\/p>\n<p>Por su parte, el alcalde Jorge Ortega, indic\u00f3 que es importante que los municipios y los involucrados en el cuidado del bosque cuenten con el conocimiento y las herramientas t\u00e9cnicas para lograr la protecci\u00f3n, conservaci\u00f3n y uso racional de los recursos  maderables, y otros servicios que ofrece este importante sector.<\/p>\n","protected":false},"excerpt":{"rendered":"<p>Al destacar que contin\u00faan el fortalecimiento las acciones para frenar la deforestaci\u00f3n,  la tala clandestina y los cambios de uso de suelo, el director general de la Comisi\u00f3n Forestal del Estado de Michoac\u00e1n (Cofom), Roberto P\u00e9rez Medrano, reconoci\u00f3 el compromiso de los ayuntamientos para sumarse a las tareas de protecci\u00f3n y conservaci\u00f3n de los recursos forestales.<\/p>\n","protected":false},"author":1,"featured_media":28771,"comment_status":"open","ping_status":"open","sticky":false,"template":"","format":"standard","meta":{"footnotes":""},"categories":[14,3],"tags":[],"class_list":["post-28770","post","type-post","status-publish","format-standard","has-post-thumbnail","hentry","category-destacadas","category-gobierno-del-estado-de-michoacan"],"_links":{"self":[{"href":"https:\/\/radiowebmx.com\/nota\/wp-json\/wp\/v2\/posts\/28770","targetHints":{"allow":["GET"]}}],"collection":[{"href":"https:\/\/radiowebmx.com\/nota\/wp-json\/wp\/v2\/posts"}],"about":[{"href":"https:\/\/radiowebmx.com\/nota\/wp-json\/wp\/v2\/types\/post"}],"author":[{"embeddable":true,"href":"https:\/\/radiowebmx.com\/nota\/wp-json\/wp\/v2\/users\/1"}],"replies":[{"embeddable":true,"href":"https:\/\/radiowebmx.com\/nota\/wp-json\/wp\/v2\/comments?post=28770"}],"version-history":[{"count":1,"href":"https:\/\/radiowebmx.com\/nota\/wp-json\/wp\/v2\/posts\/28770\/revisions"}],"predecessor-version":[{"id":28772,"href":"https:\/\/radiowebmx.com\/nota\/wp-json\/wp\/v2\/posts\/28770\/revisions\/28772"}],"wp:featuredmedia":[{"embeddable":true,"href":"https:\/\/radiowebmx.com\/nota\/wp-json\/wp\/v2\/media\/28771"}],"wp:attachment":[{"href":"https:\/\/radiowebmx.com\/nota\/wp-json\/wp\/v2\/media?parent=28770"}],"wp:term":[{"taxonomy":"category","embeddable":true,"href":"https:\/\/radiowebmx.com\/nota\/wp-json\/wp\/v2\/categories?post=28770"},{"taxonomy":"post_tag","embeddable":true,"href":"https:\/\/radiowebmx.com\/nota\/wp-json\/wp\/v2\/tags?post=28770"}],"curies":[{"name":"wp","href":"https:\/\/api.w.org\/{rel}","templated":true}]}}