{"id":28724,"date":"2016-12-01T10:43:01","date_gmt":"2016-12-01T16:43:01","guid":{"rendered":"https:\/\/radiowebmx.com\/nota\/?p=28724"},"modified":"2016-12-09T10:57:06","modified_gmt":"2016-12-09T16:57:06","slug":"tarimbaro-en-tramites-para-lograr-el-titulo-de-pueblo-magico","status":"publish","type":"post","link":"https:\/\/radiowebmx.com\/nota\/tarimbaro-en-tramites-para-lograr-el-titulo-de-pueblo-magico\/","title":{"rendered":"Tar\u00edmbaro en tr\u00e1mites para lograr el t\u00edtulo de Pueblo M\u00e1gico"},"content":{"rendered":"<p><img loading=\"lazy\" decoding=\"async\" src=\"https:\/\/radiowebmx.com\/nota\/wp-content\/uploads\/2016\/12\/15235712_1185654184835375_1869597065596873131_o.jpg\" alt=\"15235712_1185654184835375_1869597065596873131_o\" width=\"709\" height=\"531\" class=\"alignleft size-full wp-image-28725\" srcset=\"https:\/\/radiowebmx.com\/nota\/wp-content\/uploads\/2016\/12\/15235712_1185654184835375_1869597065596873131_o.jpg 709w, https:\/\/radiowebmx.com\/nota\/wp-content\/uploads\/2016\/12\/15235712_1185654184835375_1869597065596873131_o-300x225.jpg 300w\" sizes=\"auto, (max-width: 709px) 100vw, 709px\" \/><\/p>\n<p><img loading=\"lazy\" decoding=\"async\" src=\"https:\/\/radiowebmx.com\/nota\/wp-content\/uploads\/2016\/12\/15259376_1185654501502010_4442300389627726657_o.jpg\" alt=\"15259376_1185654501502010_4442300389627726657_o\" width=\"709\" height=\"531\" class=\"alignleft size-full wp-image-28726\" srcset=\"https:\/\/radiowebmx.com\/nota\/wp-content\/uploads\/2016\/12\/15259376_1185654501502010_4442300389627726657_o.jpg 709w, https:\/\/radiowebmx.com\/nota\/wp-content\/uploads\/2016\/12\/15259376_1185654501502010_4442300389627726657_o-300x225.jpg 300w\" sizes=\"auto, (max-width: 709px) 100vw, 709px\" \/><\/p>\n<p>Tar\u00edmbaro Michoac\u00e1n a 30 de Noviembre del 2016. El ayuntamiento de Tar\u00edmbaro encabezado por el Lic. Baltazar Gaona S\u00e1nchez en coordinaci\u00f3n con el Director de Turismo Lic. Ra\u00fal Puente Mart\u00ednez y el Secretario T\u00e9cnico Lic. Mario C\u00e9sar Gaona Garc\u00eda se dieron a la tarea de entregar de manera oficial la primera parte del expediente Ejecutivo para que el Municipio de Tar\u00edmbaro logre el t\u00edtulo de Pueblo M\u00e1gico en el A\u00f1o 2017, el cual se entreg\u00f3 en la Direcci\u00f3n Federal de Pueblos M\u00e1gicos a nivel nacional a cargo del Maestro Jos\u00e9 \u00c1ngel D\u00edaz Rebolledo, con dicho expediente se pretende que el Municipio de Tar\u00edmbaro sea evaluado en lo primeros ocho meses del a\u00f1o 2017, cumpliendo con los primeros 5 puntos del reglamento de incorporaci\u00f3n a Pueblos M\u00e1gicos vigente.<br \/>\nTar\u00edmbaro ser\u00e1 revisado conforme lo marca las reglas de operaci\u00f3n del programa para poder competir por dicho t\u00edtulo ya que la Secretaria de Turismo Federal emitir\u00e1 la convocatoria para finales de este a\u00f1o o dentro del mes de enero del a\u00f1o entrante.<br \/>\nCon esto despu\u00e9s de la evaluaci\u00f3n correspondiente Tar\u00edmbaro ser\u00eda declarado Pueblo M\u00e1gico en el Mes de Noviembre del a\u00f1o 2017, luego de cumplir con los objetivos que marca la Secretaria de Turismo Federal.<\/p>\n","protected":false},"excerpt":{"rendered":"<p>El ayuntamiento de Tar\u00edmbaro encabezado por el Lic. Baltazar Gaona S\u00e1nchez en coordinaci\u00f3n con el Director de Turismo Lic. Ra\u00fal Puente Mart\u00ednez y el Secretario T\u00e9cnico Lic. Mario C\u00e9sar Gaona Garc\u00eda se dieron a la tarea de entregar de manera oficial la primera parte del expediente Ejecutivo para que el Municipio de Tar\u00edmbaro logre el t\u00edtulo de Pueblo M\u00e1gico en el A\u00f1o 2017<\/p>\n","protected":false},"author":1,"featured_media":28725,"comment_status":"open","ping_status":"open","sticky":false,"template":"","format":"standard","meta":{"footnotes":""},"categories":[14,22],"tags":[],"class_list":["post-28724","post","type-post","status-publish","format-standard","has-post-thumbnail","hentry","category-destacadas","category-tarimbaro"],"_links":{"self":[{"href":"https:\/\/radiowebmx.com\/nota\/wp-json\/wp\/v2\/posts\/28724","targetHints":{"allow":["GET"]}}],"collection":[{"href":"https:\/\/radiowebmx.com\/nota\/wp-json\/wp\/v2\/posts"}],"about":[{"href":"https:\/\/radiowebmx.com\/nota\/wp-json\/wp\/v2\/types\/post"}],"author":[{"embeddable":true,"href":"https:\/\/radiowebmx.com\/nota\/wp-json\/wp\/v2\/users\/1"}],"replies":[{"embeddable":true,"href":"https:\/\/radiowebmx.com\/nota\/wp-json\/wp\/v2\/comments?post=28724"}],"version-history":[{"count":2,"href":"https:\/\/radiowebmx.com\/nota\/wp-json\/wp\/v2\/posts\/28724\/revisions"}],"predecessor-version":[{"id":28728,"href":"https:\/\/radiowebmx.com\/nota\/wp-json\/wp\/v2\/posts\/28724\/revisions\/28728"}],"wp:featuredmedia":[{"embeddable":true,"href":"https:\/\/radiowebmx.com\/nota\/wp-json\/wp\/v2\/media\/28725"}],"wp:attachment":[{"href":"https:\/\/radiowebmx.com\/nota\/wp-json\/wp\/v2\/media?parent=28724"}],"wp:term":[{"taxonomy":"category","embeddable":true,"href":"https:\/\/radiowebmx.com\/nota\/wp-json\/wp\/v2\/categories?post=28724"},{"taxonomy":"post_tag","embeddable":true,"href":"https:\/\/radiowebmx.com\/nota\/wp-json\/wp\/v2\/tags?post=28724"}],"curies":[{"name":"wp","href":"https:\/\/api.w.org\/{rel}","templated":true}]}}