{"id":28608,"date":"2016-12-05T12:38:41","date_gmt":"2016-12-05T18:38:41","guid":{"rendered":"https:\/\/radiowebmx.com\/nota\/?p=28608"},"modified":"2016-12-05T12:38:41","modified_gmt":"2016-12-05T18:38:41","slug":"temas-de-cafe-561","status":"publish","type":"post","link":"https:\/\/radiowebmx.com\/nota\/temas-de-cafe-561\/","title":{"rendered":"TEMAS DE CAF\u00c9"},"content":{"rendered":"<p>\u2022\tA DIVERSIFICAR LA ECONOMIA<br \/>\n\u2022\tY MEJORAR MERCADO INTERNO<br \/>\n\u2022\tSON ELECCIONES CONSECUTIVAS<br \/>\n\u2022\tSIGUEN LOS ASALTOS Y ROBOS<br \/>\nPor Juan Manuel BELMONTE<br \/>\nLos chinos llaman a las crisis oportunidades y M\u00e9xico, debe entender que el arribo de Donald Trump, a la presidencia de la rep\u00fablica nos debe servir para redimensionar, la realidad mexicana para ver qu\u00e9 es lo que hemos dejado de hacer, y qu\u00e9 es lo que debemos hacer, porque por lo menos desde hace treinta a\u00f1os, cuando se firm\u00f3 el Tratado de Libre Comercio, con EU y Canad\u00e1 M\u00e9xico dej\u00f3 de hacer muchas cosas, principalmente en el campo ya que los Estados Unidos y Canad\u00e1,  producen granos y diversos alimentos m\u00e1s baratos que M\u00e9xico, de esta manera nuestro pa\u00eds empez\u00f3 a dejar de producir, los alimentos que se necesitaban y pas\u00f3 a ser dependiente, de EU y Canad\u00e1 as\u00ed que su Mr. Trump insiste en modificar el TLC bienvenido.<br \/>\nVOLTEAR A EUROPA, ASIA Y SUDAMERICA<br \/>\nEl principal problema mundial es por los mercados, y por materias primas para fortalecer los mercados, se requieren salarios m\u00ednimos aceptables y para aprovechar los recursos, se requieren obras de infraestructura como carreteras, comunicaciones,  servicios entre otras cosas por eso es que Estados Unidos, ha dejado de ver a Sud Am\u00e9rica porque no es un mercado importante, por su econom\u00eda deprimida, m\u00e1s bien se centr\u00f3 en M\u00e9xico y Canad\u00e1.<br \/>\n   MEXICO DEBE FORTALECER RELACI\u00d3N CON SUDAMERICA<br \/>\nDesde que M\u00e9xico surgi\u00f3 como naci\u00f3n Estados Unidos, adopt\u00f3 a M\u00e9xico y es m\u00e1s asumi\u00f3 que formaba parte de su zona de seguridad, por eso se dijo que M\u00e9xico era el patio trasero del pa\u00eds del norte,  as\u00ed tenemos que por ejemplo Porfirio D\u00edaz tuvo que dejar el gobierno, porque empez\u00f3 a poner su atenci\u00f3n en Europa, m\u00e1s tarde Francisco I. Madero igual tuvo que dejar el gobierno,  de manera sangrienta porque les quer\u00eda cobrar impuestos, a las extracciones petroleras.<br \/>\nPara no aburrirlos hace uno a\u00f1os M\u00e9xico tuvo que cancelar, la construcci\u00f3n del tren r\u00e1pido de la Ciudad de M\u00e9xico a Quer\u00e9taro, porque hab\u00edan ganado la licitaci\u00f3n los chinos, M\u00e9xico tuvo que pagar un castigo de 600 millones de d\u00f3lares, en Yucat\u00e1n se  cancel\u00f3 un proyecto de los chinos para construir, el supermercado m\u00e1s grande de Am\u00e9rica Latina, y los chinos tuvieron que salir de Michoac\u00e1n, donde compraban tierra mineral, todo por instrucciones de los EUA, pero si Trump se cierra M\u00e9xico se debe abrir al mundo.<br \/>\nMEXICO, BRASIL, ARGENTINA, CHILE, COLOMBIA Y PANAMA<br \/>\nHoy M\u00e9xico debe fortalecer sus relaciones comerciales, con los pa\u00edses sudamericanos el margen de los Estados Unidos, al fin y al cabo que los pa\u00edses de sud am\u00e9rica tienen una relaci\u00f3n, muy estrecha con Europa y Asia ya que desde hace varios a\u00f1os, Estados Unidos se olvid\u00f3 de ellos porque como mercado, no eran muy atractivos y dejaron de lado, todos los recursos que Sudam\u00e9rica le puede proporcionar, por cuidar los intereses petroleros  en el medio oriente. Finalmente Trump puede obligar a M\u00e9xico, a ser arquitecto de su propio destino.<br \/>\n\tMANCERA Y LOS RICOS MENOSPRECIARON AL ESTADO<br \/>\nSe dio a conocer hace d\u00edas que el jefe de gobierno, de la ciudad de M\u00e9xico Miguel Angel Mancera vino a una cena a Morelia, estuvo con los hombre de negocios, o sea con los due\u00f1os de Michoac\u00e1n, y se afirma que no tuvieron la delicadeza de avisar al gobierno del estado, sobre su estancia en la capital del estado, obvio han surgido voces que critican la falta de cortes\u00eda, tampoco los ricos que se sienten due\u00f1os del Estado, como de Mancera quien vino acompa\u00f1ado de la dirigente nacional del PRD, la se\u00f1ora Alejandra Barrales.<br \/>\nPero nos comentan que desde la ciudad de M\u00e9xico, ven al gobierno de Silvano Aureoles peque\u00f1o, adem\u00e1s consideran tanto los ricos del Estado como la clase pol\u00edtica nacional, que Silvano debe fajarse los pantalones y aplacar a los pol\u00edticos perredistas, que se le est\u00e1n saliendo de control, veamos si tienen una perspectiva adecuada, entre otras cosas afirman que es necesario, que ponga en orden a su partido porque tiene profundas fisuras, comentan en relaci\u00f3n de Leonel Godoy, Fidel Calder\u00f3n as\u00ed como el coordinador de la bancada perredista, en el Congreso Juan Pablo Puebla quienes por encima, de los intereses de Silvano apoyan y alientan  las aspiraciones de Andr\u00e9s Manuel.<br \/>\nConsideran que si el gobernador del estado, mantiene aspiraciones para poder convertirse en candidato, de la izquierda al gobierno de M\u00e9xico, es necesario que ponga en orden a su partido, por lo que consideran que la actitud, de Mancera, de Barrales y de los ricos de Michoac\u00e1n, podr\u00eda ser interpretada como un llamado, para que Silvano ponga orden en su partido, y atienda m\u00e1s a los ricos quienes se sienten desplazados, porque si no lo hace se le complicar\u00eda tener el apoyo necesario, para poder pelear en serio contra Mancera.<br \/>\nPorque hoy es el aspirante que tiene todo a su favor, empezando por la dirigente nacional del PRD, la se\u00f1ora Alejandra Barrales quien lleg\u00f3 a la dirigencia nacional, impulsada  por Miguel Angel Mancera y por la gente que forma parte, de su proyecto y es que por hoy Mancera ha recorrido, varios estados en el pa\u00eds presentando su proyecto, junto con personajes como Alfaro alcalde de Guadalajara y Dante Delgado, dirigente nacional de Movimiento Ciudadano.<br \/>\nNO ES REELECCION, SON ELECCIONES CONSECUTIVAS<br \/>\nErnesto N\u00fa\u00f1ez diputado por el partido Verde Ecologista, present\u00f3 ante el Congreso una pertinente aclaraci\u00f3n, ya que en los medios de comunicaci\u00f3n se advierte, que ahora ya los alcaldes y diputados puede optar por su reelecci\u00f3n, en cuanto los legisladores hasta por cuatro periodos, mientras que los alcaldes, s\u00edndicos y reidores por un periodo m\u00e1s, o adicional ya que afirm\u00f3 el legislador Verde, que ni en la Constituci\u00f3n Mexicana ni en la del Estado, existe el t\u00e9rmino de reelecci\u00f3n solamente se cita la elecci\u00f3n consecutiva.<br \/>\nEn la iniciativa que present\u00f3 Ernesto N\u00fa\u00f1ez, en cuanto a la elecci\u00f3n consecutiva propone que los diputados y alcaldes, que busquen su elecci\u00f3n consecutiva deber\u00e1n separarse de sus cargos, de acuerdo a lo que cita la ley, noventa d\u00edas antes de las elecciones, con la posibilidad de regresar a sus puestos, una vez que se hayan presentado las elecciones, claro esta es una propuesta m\u00e1s seguramente habr\u00e1 otras, y es que se debe recordar que el 31 de enero del 2014, se aprob\u00f3 la elecci\u00f3n consecutiva mientras, que en el estado su aprobaci\u00f3n fue el 22 de mayo del mismo a\u00f1o.<br \/>\nMEJORO RELACIONES PUBLICAS, GIRAS Y PROTOCOLO<br \/>\nNo cabe duda que quien sabe, sabe y es que desde el inicio de la administraci\u00f3n de Silvano Aureoles, se hab\u00edan presentado algunas irregularidades, en cuanto a la organizaci\u00f3n de los eventos del gobernador, organizados por esta dependencia desde la oportuna  instalaci\u00f3n de los templetes, personalizadores, rotulaci\u00f3n de los respaldos y personificadores en el piso, todos los detalles que hacen que un evento resulte exitoso, todo eso hab\u00eda presentado algunas irregularidades.<br \/>\nPero de unos d\u00edas a la fecha esto ha cambiado, seguramente por la presencia del nuevo director de esta \u00e1rea, Paul Camacho Sol\u00eds vaya apellidos pero no tiene nada que ver, con Manuel lo cierto es que ahora se siente ya un nuevo ambiente, m\u00e1s distendido m\u00e1s de amigos, m\u00e1s de compromiso con el mandatario estatal, quien l\u00f3gicamente ha notado que todo esto  ha mejorado, desde que Paul se hacho cargo de esta dependencia, donde ha estado desde hace m\u00e1s de veinte a\u00f1os.<br \/>\nLAMENTABLEMENTE SIGUEN ROBOS Y ASALTOS<br \/>\nNo se pueden desvirtuar los esfuerzos que hacen, tanto el gobierno municipal como el estatal, para mejorar la seguridad en Morelia, pero hasta ahora los ladrones parece que no se han dado cuenta, de estos esfuerzos porque la inseguridad se mantiene, robos y asaltos as\u00ed tenemos que en los \u00faltimos d\u00edas, han robado comercios en el centro hist\u00f3rico, una zapater\u00eda de los 3 hermanos y una cafeter\u00eda. Ayer balaceras por intentos de robos y  asaltos, por diversas partes de esta ciudad lamentablemente, pero la inseguridad en Morelia se mantiene elevada.<br \/>\nAURELIO NU\u00d1O FELICITA A SILVANO<br \/>\nDurante la reuni\u00f3n de la Conago en Morelia, el Secretario de Educaci\u00f3n Aurelio Nu\u00f1o, felicit\u00f3 al gobernador michoacano por sus esfuerzos para hacer realidad, la reforma educativa que obviamente mejorar\u00e1 en todo los sentidos,  la educaci\u00f3n sobre todo cuando se acepte, que ya no hay plazas autom\u00e1ticas a pesar, de los constantes ataques que realiza la CNTE  y los normalistas michoacanos.<\/p>\n","protected":false},"excerpt":{"rendered":"<p>\u2022\tA DIVERSIFICAR LA ECONOMIA \u2022\tY MEJORAR MERCADO INTERNO \u2022\tSON ELECCIONES CONSECUTIVAS \u2022\tSIGUEN LOS ASALTOS Y ROBOS<\/p>\n","protected":false},"author":1,"featured_media":0,"comment_status":"open","ping_status":"open","sticky":false,"template":"","format":"standard","meta":{"footnotes":""},"categories":[4,10],"tags":[],"class_list":["post-28608","post","type-post","status-publish","format-standard","hentry","category-columnistas","category-juan-manuel-belmonte"],"_links":{"self":[{"href":"https:\/\/radiowebmx.com\/nota\/wp-json\/wp\/v2\/posts\/28608","targetHints":{"allow":["GET"]}}],"collection":[{"href":"https:\/\/radiowebmx.com\/nota\/wp-json\/wp\/v2\/posts"}],"about":[{"href":"https:\/\/radiowebmx.com\/nota\/wp-json\/wp\/v2\/types\/post"}],"author":[{"embeddable":true,"href":"https:\/\/radiowebmx.com\/nota\/wp-json\/wp\/v2\/users\/1"}],"replies":[{"embeddable":true,"href":"https:\/\/radiowebmx.com\/nota\/wp-json\/wp\/v2\/comments?post=28608"}],"version-history":[{"count":2,"href":"https:\/\/radiowebmx.com\/nota\/wp-json\/wp\/v2\/posts\/28608\/revisions"}],"predecessor-version":[{"id":28610,"href":"https:\/\/radiowebmx.com\/nota\/wp-json\/wp\/v2\/posts\/28608\/revisions\/28610"}],"wp:attachment":[{"href":"https:\/\/radiowebmx.com\/nota\/wp-json\/wp\/v2\/media?parent=28608"}],"wp:term":[{"taxonomy":"category","embeddable":true,"href":"https:\/\/radiowebmx.com\/nota\/wp-json\/wp\/v2\/categories?post=28608"},{"taxonomy":"post_tag","embeddable":true,"href":"https:\/\/radiowebmx.com\/nota\/wp-json\/wp\/v2\/tags?post=28608"}],"curies":[{"name":"wp","href":"https:\/\/api.w.org\/{rel}","templated":true}]}}