{"id":2860,"date":"2013-06-07T16:14:07","date_gmt":"2013-06-07T21:14:07","guid":{"rendered":"https:\/\/radiowebmx.com\/nota\/?p=2860"},"modified":"2013-07-03T13:34:12","modified_gmt":"2013-07-03T18:34:12","slug":"orientadoras-de-los-centros-de-asistencia-infantil-comunitarios-reciben-capacitacion-integral","status":"publish","type":"post","link":"https:\/\/radiowebmx.com\/nota\/orientadoras-de-los-centros-de-asistencia-infantil-comunitarios-reciben-capacitacion-integral\/","title":{"rendered":"ORIENTADORAS DE LOS CENTROS DE ASISTENCIA INFANTIL COMUNITARIOS RECIBEN CAPACITACI\u00d3N INTEGRAL"},"content":{"rendered":"<p><a href=\"https:\/\/radiowebmx.com\/nota\/wp-content\/uploads\/2013\/06\/DSC_51561.jpg\"><img loading=\"lazy\" decoding=\"async\" class=\"alignleft size-full wp-image-2862\" title=\"DSC_5156\" alt=\"\" src=\"https:\/\/radiowebmx.com\/nota\/wp-content\/uploads\/2013\/06\/DSC_51561.jpg\" width=\"591\" height=\"229\" \/><\/a>Orientadoras de los Centros de Asistencia Infantil Comunitarios (CAIC\u00b4s) del Sistema para el Desarrollo Integral de la Familia (DIF) Michoac\u00e1n, participaron en el sexto Taller denominado \u201cDi No a la Violencia Escolar\u201d.<\/p>\n<p>En presencia de la encargada del programa de Certificaci\u00f3n del Sistema DIF Nacional, Luc\u00eda V\u00e1zquez N\u00e1jera, la directora para el Desarrollo del Menor en Estado Vulnerable, Gilda Flores Torres, enfatiz\u00f3 el \u00e9xito de los CAIC\u00b4s porque imparten la educaci\u00f3n inicial en las comunidades de municipios con mayor grado de vulnerabilidad.<\/p>\n<p>\u201cSin importar la lejan\u00eda de las comunidades donde se encuentran cada una de las localidades, la entrega y dedicaci\u00f3n de las orientadoras de cada d\u00eda al impartir educaci\u00f3n a trav\u00e9s de los centros, permite que los ni\u00f1os y ni\u00f1as tengan garantizado el derecho universal a la educaci\u00f3n, en particular, en los primeros a\u00f1os de vida, ya que son importantes y fundamentales para el desarrollo integral humano de los infantes\u201d, enfatiz\u00f3.<\/p>\n<p>Es importante mencionar que en Michoac\u00e1n se cuenta con 124 CAIC\u00b4s en 33 municipios del estado, que ofrecen atenci\u00f3n a 295 ni\u00f1os y benefician a m\u00e1s de 2 mil 814 familias mensualmente. El curso \u2013 taller fue impartido por primera vez a las 185 orientadoras que laboran en los centros.<\/p>\n<p>En su oportunidad, Luc\u00eda V\u00e1zquez N\u00e1jera, expuso que durante 35 a\u00f1os, a nivel nacional, se ha aplicado este programa en 28 estados de la Rep\u00fablica Mexicana, por lo que resulta enriquecedor que en Michoac\u00e1n se multiplique con \u00e9xito la capacitaci\u00f3n de las orientadoras comunitarias.<\/p>\n<p>Subray\u00f3 que este tipo de foros permiten la profesionalizaci\u00f3n de las asistentes y las dota de herramientas que garantizan la calidad y calidez en el servicio que reciben los cientos de ni\u00f1os.<\/p>\n<p>Finalmente, fueron entregadas de manera simb\u00f3lica batas para la totalidad de las \u00a0orientadoras comunitarias, que las identificar\u00e1n y les servir\u00e1n para realizar su trabajo con mayor formalidad y comodidad.<\/p>\n<p>&nbsp;<\/p>\n","protected":false},"excerpt":{"rendered":"<p>Orientadoras de los Centros de Asistencia Infantil Comunitarios (CAIC\u00b4s) del Sistema para el Desarrollo Integral de la Familia (DIF) Michoac\u00e1n, participaron en el sexto Taller denominado \u201cDi No a la Violencia Escolar\u201d.<\/p>\n","protected":false},"author":1,"featured_media":0,"comment_status":"open","ping_status":"open","sticky":false,"template":"","format":"standard","meta":{"footnotes":""},"categories":[14,3],"tags":[],"class_list":["post-2860","post","type-post","status-publish","format-standard","hentry","category-destacadas","category-gobierno-del-estado-de-michoacan"],"_links":{"self":[{"href":"https:\/\/radiowebmx.com\/nota\/wp-json\/wp\/v2\/posts\/2860","targetHints":{"allow":["GET"]}}],"collection":[{"href":"https:\/\/radiowebmx.com\/nota\/wp-json\/wp\/v2\/posts"}],"about":[{"href":"https:\/\/radiowebmx.com\/nota\/wp-json\/wp\/v2\/types\/post"}],"author":[{"embeddable":true,"href":"https:\/\/radiowebmx.com\/nota\/wp-json\/wp\/v2\/users\/1"}],"replies":[{"embeddable":true,"href":"https:\/\/radiowebmx.com\/nota\/wp-json\/wp\/v2\/comments?post=2860"}],"version-history":[{"count":4,"href":"https:\/\/radiowebmx.com\/nota\/wp-json\/wp\/v2\/posts\/2860\/revisions"}],"predecessor-version":[{"id":3099,"href":"https:\/\/radiowebmx.com\/nota\/wp-json\/wp\/v2\/posts\/2860\/revisions\/3099"}],"wp:attachment":[{"href":"https:\/\/radiowebmx.com\/nota\/wp-json\/wp\/v2\/media?parent=2860"}],"wp:term":[{"taxonomy":"category","embeddable":true,"href":"https:\/\/radiowebmx.com\/nota\/wp-json\/wp\/v2\/categories?post=2860"},{"taxonomy":"post_tag","embeddable":true,"href":"https:\/\/radiowebmx.com\/nota\/wp-json\/wp\/v2\/tags?post=2860"}],"curies":[{"name":"wp","href":"https:\/\/api.w.org\/{rel}","templated":true}]}}