{"id":28446,"date":"2016-12-01T11:17:54","date_gmt":"2016-12-01T17:17:54","guid":{"rendered":"https:\/\/radiowebmx.com\/nota\/?p=28446"},"modified":"2016-12-01T11:17:54","modified_gmt":"2016-12-01T17:17:54","slug":"proximo-viernes-comienza-la-expo-rural-morelia-2016","status":"publish","type":"post","link":"https:\/\/radiowebmx.com\/nota\/proximo-viernes-comienza-la-expo-rural-morelia-2016\/","title":{"rendered":"Pr\u00f3ximo viernes comienza la Expo Rural Morelia 2016"},"content":{"rendered":"<p><img loading=\"lazy\" decoding=\"async\" src=\"https:\/\/radiowebmx.com\/nota\/wp-content\/uploads\/2016\/12\/42e305d3-9045-4bed-94bf-914797e97d88.jpg\" alt=\"42e305d3-9045-4bed-94bf-914797e97d88\" width=\"709\" height=\"487\" class=\"alignleft size-full wp-image-28448\" srcset=\"https:\/\/radiowebmx.com\/nota\/wp-content\/uploads\/2016\/12\/42e305d3-9045-4bed-94bf-914797e97d88.jpg 709w, https:\/\/radiowebmx.com\/nota\/wp-content\/uploads\/2016\/12\/42e305d3-9045-4bed-94bf-914797e97d88-300x206.jpg 300w\" sizes=\"auto, (max-width: 709px) 100vw, 709px\" \/><\/p>\n<p>La Comisi\u00f3n de Desarrollo Rural que encabeza el Regidor, Salvador Arvizu Cisneros afina los \u00faltimos detalles para el desarrollo de la m\u00e1xima fiesta ganadera del municipio, la cual contar\u00e1 con m\u00e1s de una treintena de expositores ganaderos y un programa vasto de cultura, mismo que tendr\u00e1 como sede la comunidad de San Rafael Coapa, los d\u00edas 2, 3 y 4 de diciembre.<\/p>\n<p>Y es que en la b\u00fasqueda de promover a uno de los sectores m\u00e1s importantes para el Ayuntamiento de  Morelia,  la Expo Rural 2016 tiene todo listo para que el pr\u00f3ximo viernes se realice esta celebraci\u00f3n que contar\u00e1 con la participaci\u00f3n de Jefes de Tenencia y productores  morelianos en este rubro.<\/p>\n<p>El Regidor, Salvador Arvizu asegur\u00f3 que este impulso al campo no es un esfuerzo aislado sino en conjunto de la Administraci\u00f3n Municipal y la ciudadan\u00eda organizada entorno al sector rural.<\/p>\n<p>Alineada a estas pol\u00edticas, la Secretar\u00eda de Desarrollo Econ\u00f3mico y Emprendedor anunci\u00f3 que buscar\u00e1 mejorar las condiciones agropecuarias en Morelia y as\u00ed posicionar la actividad econ\u00f3mica de la ganader\u00eda y  artesanal de las 14 tenencias.<\/p>\n<p>Es importante resaltar que la Expo Ganadera 2016 como otros de sus objetivos promueve el desarrollo de la econom\u00eda local e impulsa el turismo en las diferentes zonas de la capital de Michoac\u00e1n.<\/p>\n<p>Como actividades principales se tendr\u00e1: la exposici\u00f3n Ganadera, la zona gastron\u00f3mica, artesanal, el \u00e1rea de juegos infantiles, la exposici\u00f3n de maquinaria agropecuaria, jaripeo, as\u00ed como mezcaler\u00edas, adem\u00e1s de una variedad de eventos culturales.<\/p>\n<p>A la par se contar\u00e1 con exhibici\u00f3n de toros, as\u00ed como la presentaci\u00f3n de imitadores como el Buki, Paquita la del Barrio,  Juan Gabriel,  de las bandas K-Wicha y el grupo Cadetes de Linares.<\/p>\n","protected":false},"excerpt":{"rendered":"<p>La Comisi\u00f3n de Desarrollo Rural que encabeza el Regidor, Salvador Arvizu Cisneros afina los \u00faltimos detalles para el desarrollo de la m\u00e1xima fiesta ganadera del municipio, la cual contar\u00e1 con m\u00e1s de una treintena de expositores ganaderos y un programa vasto de cultura, mismo que tendr\u00e1 como sede la comunidad de San Rafael Coapa, los d\u00edas 2, 3 y 4 de diciembre.<\/p>\n","protected":false},"author":1,"featured_media":28448,"comment_status":"open","ping_status":"open","sticky":false,"template":"","format":"standard","meta":{"footnotes":""},"categories":[14,9],"tags":[],"class_list":["post-28446","post","type-post","status-publish","format-standard","has-post-thumbnail","hentry","category-destacadas","category-morelia"],"_links":{"self":[{"href":"https:\/\/radiowebmx.com\/nota\/wp-json\/wp\/v2\/posts\/28446","targetHints":{"allow":["GET"]}}],"collection":[{"href":"https:\/\/radiowebmx.com\/nota\/wp-json\/wp\/v2\/posts"}],"about":[{"href":"https:\/\/radiowebmx.com\/nota\/wp-json\/wp\/v2\/types\/post"}],"author":[{"embeddable":true,"href":"https:\/\/radiowebmx.com\/nota\/wp-json\/wp\/v2\/users\/1"}],"replies":[{"embeddable":true,"href":"https:\/\/radiowebmx.com\/nota\/wp-json\/wp\/v2\/comments?post=28446"}],"version-history":[{"count":2,"href":"https:\/\/radiowebmx.com\/nota\/wp-json\/wp\/v2\/posts\/28446\/revisions"}],"predecessor-version":[{"id":28449,"href":"https:\/\/radiowebmx.com\/nota\/wp-json\/wp\/v2\/posts\/28446\/revisions\/28449"}],"wp:featuredmedia":[{"embeddable":true,"href":"https:\/\/radiowebmx.com\/nota\/wp-json\/wp\/v2\/media\/28448"}],"wp:attachment":[{"href":"https:\/\/radiowebmx.com\/nota\/wp-json\/wp\/v2\/media?parent=28446"}],"wp:term":[{"taxonomy":"category","embeddable":true,"href":"https:\/\/radiowebmx.com\/nota\/wp-json\/wp\/v2\/categories?post=28446"},{"taxonomy":"post_tag","embeddable":true,"href":"https:\/\/radiowebmx.com\/nota\/wp-json\/wp\/v2\/tags?post=28446"}],"curies":[{"name":"wp","href":"https:\/\/api.w.org\/{rel}","templated":true}]}}