{"id":28440,"date":"2016-12-01T11:06:04","date_gmt":"2016-12-01T17:06:04","guid":{"rendered":"https:\/\/radiowebmx.com\/nota\/?p=28440"},"modified":"2016-12-01T11:06:04","modified_gmt":"2016-12-01T17:06:04","slug":"entrega-alfonso-martinez-galardon-municipal-del-deporte","status":"publish","type":"post","link":"https:\/\/radiowebmx.com\/nota\/entrega-alfonso-martinez-galardon-municipal-del-deporte\/","title":{"rendered":"Entrega Alfonso Mart\u00ednez Galard\u00f3n Municipal del Deporte"},"content":{"rendered":"<p><img loading=\"lazy\" decoding=\"async\" src=\"https:\/\/radiowebmx.com\/nota\/wp-content\/uploads\/2016\/12\/cc62ae2d-4aff-4373-b4c5-e1a270a4c003.jpeg\" alt=\"cc62ae2d-4aff-4373-b4c5-e1a270a4c003\" width=\"709\" height=\"472\" class=\"alignleft size-full wp-image-28441\" srcset=\"https:\/\/radiowebmx.com\/nota\/wp-content\/uploads\/2016\/12\/cc62ae2d-4aff-4373-b4c5-e1a270a4c003.jpeg 709w, https:\/\/radiowebmx.com\/nota\/wp-content\/uploads\/2016\/12\/cc62ae2d-4aff-4373-b4c5-e1a270a4c003-300x200.jpeg 300w\" sizes=\"auto, (max-width: 709px) 100vw, 709px\" \/><\/p>\n<p>En acto solemne de Cabildo, encabezado por el Alcalde de Morelia, Alfonso Mart\u00ednez Alc\u00e1zar, se realiz\u00f3 la ceremonia de entrega de la 4\u00aa edici\u00f3n del Galard\u00f3n Municipal del Deporte \u201cBert\u00edn Aguilar P\u00e9rez\u201d, el reconocimiento m\u00e1s importante que otorga el Ayuntamiento en el rubro del deporte, a los mejores atletas capitalinos.<\/p>\n<p>Alfonso Mart\u00ednez Alc\u00e1zar, Presidente Municipal de Morelia, en coordinaci\u00f3n con la Comisi\u00f3n de Mujer, Juventud y Deporte, a trav\u00e9s del Instituto Municipal de Cultura F\u00edsica y Deporte (IMDE), entreg\u00f3 este reconocimiento a lo m\u00e1s destacado del deporte en la ciudad a lo largo del a\u00f1o.<\/p>\n<p>Previo a la ceremonia de entrega, el Jefe de la Comuna Moreliana condecor\u00f3 con una presea al profesor Bert\u00edn Aguilar P\u00e9rez, por su destacada trayectoria a lo largo de 65 a\u00f1os al servicio del deporte en Morelia.<\/p>\n<p>En la sesi\u00f3n solemne se dieron cita: Isidro Aguilera, en representaci\u00f3n del Gobernador del Estado, Silvano Aureoles Conejo; Alfonso Mart\u00ednez Alc\u00e1zar, Presidente Municipal de Morelia; Gustavo Ju\u00e1rez Bedolla, Director General del IMDE, adem\u00e1s de integrantes de Cabildo, entre otras personalidades e invitados especiales.<\/p>\n<p>\u201cEl deporte para la actual Administraci\u00f3n Municipal es muy importante, porque a trav\u00e9s de este tipo de reconocimientos, les dejamos en claro que valoramos su esfuerzo, sus resultados y como dedican su vida para poner en alto el nombre de nuestra ciudad, entonces con esto los queremos motivar para que sigan y se genere un movimiento para generar m\u00e1s talentos a futuro\u201d, expres\u00f3 el Presidente Municipal, Alfonso Mart\u00ednez Alc\u00e1zar.<\/p>\n<p>\u201cEste galard\u00f3n es un movimiento importante del Ayuntamiento, en el sentido de reconocer lo mejor que tenemos en materia deportiva, desde medallistas internacionales y nacionales hasta entrenadores, comunicadores y promotores que d\u00eda a d\u00eda se esfuerzan por darle una mejor imagen al deporte en Morelia. Nuestra idea es clara, queremos arroparlos y ya trabajamos en algunas ideas para mejorar este premio\u201d, se\u00f1al\u00f3 el Director General del IMDE, Gustavo Ju\u00e1rez Bedolla.<\/p>\n<p>Despu\u00e9s de brindar los honores al L\u00e1baro Patrio, se procedi\u00f3 a la entrega del galard\u00f3n a los 10 ganadores, quienes uno a uno pasaron a la parte central del patio de Palacio Municipal para recibir su premio de manos del Alcalde Independiente.<\/p>\n<p>Federico Bautista, capacitador del medallista paral\u00edmpico en Rio 2016, en la prueba de 100 metros sobre silla de ruedas, Salvador Hern\u00e1ndez, obtuvo el t\u00edtulo en la categor\u00eda de Entrenador en Deporte Individual, mientras que Paula Montes, quien se colg\u00f3 una presea de oro en el pasado Campeonato Nacional Juvenil, se coloc\u00f3 en la divisi\u00f3n de Deporte Individual Juvenil y su coequipera, Greta Garc\u00eda Chavira, hizo lo propio en Deporte Individual Infantil.<\/p>\n<p>Completan la lista de ganadores: el equipo de futbol 5 de personas con S\u00edndrome de Down de Michoac\u00e1n en Deporte de Conjunto o Equipo Infantil; la escuadra de futbol femenil Lobas Michoac\u00e1n, en Deporte de Conjunto o Equipo Juvenil; Diana Alfaro y Jaquelin Gaona compartir\u00e1n honores en Deporte Adaptado; H\u00e9ctor Rom\u00e1n fue elegido en Entrenador de Deporte de Conjunto o Equipo, gracias a su trabajo con la selecci\u00f3n de futbol 5 ya mencionada; mientras que Jos\u00e9 Luis Garc\u00eda se llev\u00f3 la categor\u00eda de Comunicador Deportivo e Ignacio Ruiz de Ch\u00e1vez fue premiado por Promotor Deportivo.<\/p>\n<p>\u201cMe siento muy feliz, muy motivada por este premio que hoy me toca recibir, es una buena recompensa por lo que he trabajado a lo largo del a\u00f1o y que reflej\u00e9 con medallas en eventos nacionales. Esto es un aliciente para mejorar el 2017 y me parece excelente que las autoridades nos tomen m\u00e1s en cuenta\u201d, afirm\u00f3 la ganadora del galard\u00f3n, Paula Montes.<\/p>\n<p>El galard\u00f3n consiste en una estatuilla y un reconocimiento.<\/p>\n","protected":false},"excerpt":{"rendered":"<p>En acto solemne de Cabildo, encabezado por el Alcalde de Morelia, Alfonso Mart\u00ednez Alc\u00e1zar, se realiz\u00f3 la ceremonia de entrega de la 4\u00aa edici\u00f3n del Galard\u00f3n Municipal del Deporte \u201cBert\u00edn Aguilar P\u00e9rez\u201d, el reconocimiento m\u00e1s importante que otorga el Ayuntamiento en el rubro del deporte, a los mejores atletas capitalinos.<\/p>\n","protected":false},"author":1,"featured_media":28441,"comment_status":"open","ping_status":"open","sticky":false,"template":"","format":"standard","meta":{"footnotes":""},"categories":[14,9],"tags":[],"class_list":["post-28440","post","type-post","status-publish","format-standard","has-post-thumbnail","hentry","category-destacadas","category-morelia"],"_links":{"self":[{"href":"https:\/\/radiowebmx.com\/nota\/wp-json\/wp\/v2\/posts\/28440","targetHints":{"allow":["GET"]}}],"collection":[{"href":"https:\/\/radiowebmx.com\/nota\/wp-json\/wp\/v2\/posts"}],"about":[{"href":"https:\/\/radiowebmx.com\/nota\/wp-json\/wp\/v2\/types\/post"}],"author":[{"embeddable":true,"href":"https:\/\/radiowebmx.com\/nota\/wp-json\/wp\/v2\/users\/1"}],"replies":[{"embeddable":true,"href":"https:\/\/radiowebmx.com\/nota\/wp-json\/wp\/v2\/comments?post=28440"}],"version-history":[{"count":1,"href":"https:\/\/radiowebmx.com\/nota\/wp-json\/wp\/v2\/posts\/28440\/revisions"}],"predecessor-version":[{"id":28442,"href":"https:\/\/radiowebmx.com\/nota\/wp-json\/wp\/v2\/posts\/28440\/revisions\/28442"}],"wp:featuredmedia":[{"embeddable":true,"href":"https:\/\/radiowebmx.com\/nota\/wp-json\/wp\/v2\/media\/28441"}],"wp:attachment":[{"href":"https:\/\/radiowebmx.com\/nota\/wp-json\/wp\/v2\/media?parent=28440"}],"wp:term":[{"taxonomy":"category","embeddable":true,"href":"https:\/\/radiowebmx.com\/nota\/wp-json\/wp\/v2\/categories?post=28440"},{"taxonomy":"post_tag","embeddable":true,"href":"https:\/\/radiowebmx.com\/nota\/wp-json\/wp\/v2\/tags?post=28440"}],"curies":[{"name":"wp","href":"https:\/\/api.w.org\/{rel}","templated":true}]}}