{"id":28434,"date":"2016-12-01T10:59:37","date_gmt":"2016-12-01T16:59:37","guid":{"rendered":"https:\/\/radiowebmx.com\/nota\/?p=28434"},"modified":"2016-12-01T10:59:37","modified_gmt":"2016-12-01T16:59:37","slug":"presenta-sicdet-apoyos-para-fortalecer-la-formacion-academica","status":"publish","type":"post","link":"https:\/\/radiowebmx.com\/nota\/presenta-sicdet-apoyos-para-fortalecer-la-formacion-academica\/","title":{"rendered":"Presenta Sicdet apoyos para fortalecer la formaci\u00f3n acad\u00e9mica"},"content":{"rendered":"<p><img loading=\"lazy\" decoding=\"async\" src=\"https:\/\/radiowebmx.com\/nota\/wp-content\/uploads\/2016\/12\/751847d6-0140-4c01-af10-94e5b4a648c1.jpg\" alt=\"751847d6-0140-4c01-af10-94e5b4a648c1\" width=\"709\" height=\"531\" class=\"alignleft size-full wp-image-28435\" srcset=\"https:\/\/radiowebmx.com\/nota\/wp-content\/uploads\/2016\/12\/751847d6-0140-4c01-af10-94e5b4a648c1.jpg 709w, https:\/\/radiowebmx.com\/nota\/wp-content\/uploads\/2016\/12\/751847d6-0140-4c01-af10-94e5b4a648c1-300x225.jpg 300w\" sizes=\"auto, (max-width: 709px) 100vw, 709px\" \/><\/p>\n<p>Zamora, Michoac\u00e1n, a 30 de noviembre de 2016.- Ante estudiantes de la Universidad de Zamora reunidos en las instalaciones del Colegio de Michoac\u00e1n, el titular de la Secretar\u00eda de Innovaci\u00f3n, Ciencia y Desarrollo Tecnol\u00f3gico (Sicdet), Jos\u00e9 Luis Monta\u00f1ez Espinosa, present\u00f3 una ponencia magistral en el marco de las cuartas Jornadas de Investigaci\u00f3n.<\/p>\n<p>Ante la rectora de la casa de estudios, Martha Valdez Ortiz, el funcionario estatal dialog\u00f3 con los j\u00f3venes sobre la investigaci\u00f3n en la educaci\u00f3n superior y particularmente el caso de las ciencias sociales y les dio a conocer a los alumnos las diversas ventanas de oportunidad que ofrece la Sicdet para impulsar la continuidad en la formaci\u00f3n acad\u00e9mica a nivel superior.<\/p>\n<p>Destac\u00f3 la importancia de convertir a la innovaci\u00f3n, la ciencia y el desarrollo tecnol\u00f3gico en una palanca estrat\u00e9gica para transformar la realidad social y econ\u00f3mica de la entidad.<\/p>\n<p>Al mismo tiempo, ofreci\u00f3 una visi\u00f3n global sobre la diversidad de esquemas de apoyo, becas y programas para la superaci\u00f3n acad\u00e9mica que ofrece la Sicdet en coordinaci\u00f3n con el Gobierno Federal a trav\u00e9s del Consejo Nacional de Ciencia y Tecnolog\u00eda (Conacyt).<\/p>\n<p>En ese sentido, detall\u00f3 las caracter\u00edsticas de los Fondos Sectoriales SEP-Conacyt; las becas nacionales y en el extranjero; las Becas Talento, para la incorporaci\u00f3n de j\u00f3venes investigadores en las medianas y peque\u00f1as empresas, que incluye Becas-Tesis y Estancias de Innovaci\u00f3n; los apoyos con la Fundaci\u00f3n M\u00e9xico Estados Unidos para la Ciencia y las C\u00e1tedras Conacyt, entre otras \u00e1reas para respaldar y fortalecer la formaci\u00f3n profesional de los j\u00f3venes michoacanos.<\/p>\n<p>Posteriormente, Monta\u00f1ez Espinosa se reuni\u00f3 con el director del Tecnol\u00f3gico de Zamora, Salvador Lomel\u00ed.<\/p>\n","protected":false},"excerpt":{"rendered":"<p>Ante estudiantes de la Universidad de Zamora reunidos en las instalaciones del Colegio de Michoac\u00e1n, el titular de la Secretar\u00eda de Innovaci\u00f3n, Ciencia y Desarrollo Tecnol\u00f3gico (Sicdet), Jos\u00e9 Luis Monta\u00f1ez Espinosa, present\u00f3 una ponencia magistral en el marco de las cuartas Jornadas de Investigaci\u00f3n.<\/p>\n","protected":false},"author":1,"featured_media":28435,"comment_status":"open","ping_status":"open","sticky":false,"template":"","format":"standard","meta":{"footnotes":""},"categories":[14,3],"tags":[],"class_list":["post-28434","post","type-post","status-publish","format-standard","has-post-thumbnail","hentry","category-destacadas","category-gobierno-del-estado-de-michoacan"],"_links":{"self":[{"href":"https:\/\/radiowebmx.com\/nota\/wp-json\/wp\/v2\/posts\/28434","targetHints":{"allow":["GET"]}}],"collection":[{"href":"https:\/\/radiowebmx.com\/nota\/wp-json\/wp\/v2\/posts"}],"about":[{"href":"https:\/\/radiowebmx.com\/nota\/wp-json\/wp\/v2\/types\/post"}],"author":[{"embeddable":true,"href":"https:\/\/radiowebmx.com\/nota\/wp-json\/wp\/v2\/users\/1"}],"replies":[{"embeddable":true,"href":"https:\/\/radiowebmx.com\/nota\/wp-json\/wp\/v2\/comments?post=28434"}],"version-history":[{"count":1,"href":"https:\/\/radiowebmx.com\/nota\/wp-json\/wp\/v2\/posts\/28434\/revisions"}],"predecessor-version":[{"id":28436,"href":"https:\/\/radiowebmx.com\/nota\/wp-json\/wp\/v2\/posts\/28434\/revisions\/28436"}],"wp:featuredmedia":[{"embeddable":true,"href":"https:\/\/radiowebmx.com\/nota\/wp-json\/wp\/v2\/media\/28435"}],"wp:attachment":[{"href":"https:\/\/radiowebmx.com\/nota\/wp-json\/wp\/v2\/media?parent=28434"}],"wp:term":[{"taxonomy":"category","embeddable":true,"href":"https:\/\/radiowebmx.com\/nota\/wp-json\/wp\/v2\/categories?post=28434"},{"taxonomy":"post_tag","embeddable":true,"href":"https:\/\/radiowebmx.com\/nota\/wp-json\/wp\/v2\/tags?post=28434"}],"curies":[{"name":"wp","href":"https:\/\/api.w.org\/{rel}","templated":true}]}}