{"id":28431,"date":"2016-12-01T10:56:53","date_gmt":"2016-12-01T16:56:53","guid":{"rendered":"https:\/\/radiowebmx.com\/nota\/?p=28431"},"modified":"2016-12-01T10:56:53","modified_gmt":"2016-12-01T16:56:53","slug":"fotomultas-medida-que-concluyo-su-periodo-de-aplicacion-en-meses-pasados-alfonso-martinez","status":"publish","type":"post","link":"https:\/\/radiowebmx.com\/nota\/fotomultas-medida-que-concluyo-su-periodo-de-aplicacion-en-meses-pasados-alfonso-martinez\/","title":{"rendered":"Fotomultas, medida que concluy\u00f3 su periodo de aplicaci\u00f3n en meses pasados: Alfonso Mart\u00ednez"},"content":{"rendered":"<p><img loading=\"lazy\" decoding=\"async\" src=\"https:\/\/radiowebmx.com\/nota\/wp-content\/uploads\/2016\/12\/e15a33a6-f017-46d5-a4ce-24eb39ab1285.jpg\" alt=\"e15a33a6-f017-46d5-a4ce-24eb39ab1285\" width=\"709\" height=\"472\" class=\"alignleft size-full wp-image-28432\" srcset=\"https:\/\/radiowebmx.com\/nota\/wp-content\/uploads\/2016\/12\/e15a33a6-f017-46d5-a4ce-24eb39ab1285.jpg 709w, https:\/\/radiowebmx.com\/nota\/wp-content\/uploads\/2016\/12\/e15a33a6-f017-46d5-a4ce-24eb39ab1285-300x200.jpg 300w\" sizes=\"auto, (max-width: 709px) 100vw, 709px\" \/><\/p>\n<p>En virtud de la voluntad de los morelianos y tras concluir en meses pasados el periodo legal para su aplicaci\u00f3n, no se implementar\u00e1 el sistema de fotomultas en Morelia, resalt\u00f3 el Presidente Municipal, Alfonso Mart\u00ednez Alc\u00e1zar, al tiempo que agreg\u00f3 que el tema de la seguridad vial es analizado considerando otras alternativas que involucren tambi\u00e9n a la ciudadan\u00eda a trav\u00e9s de sectores sociales.<\/p>\n<p>Puntualiz\u00f3 las fotomultas era tan s\u00f3lo una parte de la estrategia de movilidad para Morelia, misma que desde hace tiempo fue descartada al concluir su periodo natural, desde junio pasado.<\/p>\n<p>Asimismo, resalt\u00f3 que la participaci\u00f3n ciudadana es parte fundamental en este Gobierno Municipal, por ello dijo, &#8220;escuchamos todas las voces para tomar las grandes decisiones para Morelia&#8221;, al tiempo que consider\u00f3 importante sumar esfuerzos entre todos los \u00f3rdenes de Gobierno para establecer estrategias que atiendan las necesidades de los morelianos.<\/p>\n<p>Explic\u00f3 que la misma Ley de Adquisiciones Arrendamientos y Prestaci\u00f3n de Servicios de Michoac\u00e1n, contempla un plazo de 10 d\u00edas posteriores al fallo de alg\u00fan proceso de licitaci\u00f3n para formalizar el convenio, situaci\u00f3n que no ocurri\u00f3 con las fotomultas.<\/p>\n<p>Alfonso Mart\u00ednez sostuvo que la vocaci\u00f3n ciudadana del Gobierno Municipal, obliga a caminar de la mano con los morelianos y juntos, dise\u00f1ar estrategias que generen bienestar y desarrollo en la capital de Michoac\u00e1n.<\/p>\n<p>Record\u00f3 que la aplicaci\u00f3n de las fotomultas fue consultado por diversos sectores, no solo transportistas, sino tambi\u00e9n con representantes de sectores productivos y asociaciones que manifestaron abiertamente su postura a favor de regular el tr\u00e1nsito vehicular, con el uso de tecnolog\u00eda, debido al riesgo que representa para quienes usan medios alternativos de transporte.<\/p>\n<p>En esta misma l\u00ednea, el Alcalde se pronunci\u00f3 a favor de que los diversos \u00f3rdenes de Gobierno generen espacios de participaci\u00f3n en donde incluso las iniciativas que se discuten y que inciden en todo el estado, sean consultadas por la sociedad.<\/p>\n<p>\u201cHay temas de gran inter\u00e9s para la entidad en donde se manejan recursos y programas con un impacto considerable, por lo que tambi\u00e9n se requieren escuchar todas las voces y transitar con independencia y del lado de la gente\u201d, sostuvo.<\/p>\n<p>Por su parte, el Secretario de Administraci\u00f3n, Yankel Ben\u00edtez Silva agreg\u00f3 que Morelia requiere incrementar el n\u00famero de agentes de su Polic\u00eda Municipal, esfuerzo que ha dado pasos decisivos en esta Administraci\u00f3n en donde se duplic\u00f3 el n\u00famero de elementos y se acredit\u00f3 al cien por ciento de la corporaci\u00f3n.<\/p>\n<p>No obstante, se requieren m\u00e1s recursos para contratar a m\u00e1s polic\u00edas y mantenerse en la media, en cuanto al n\u00famero de uniformados por n\u00famero de habitantes.<\/p>\n<p>Por tal motivo, Yankel Ben\u00edtez pidi\u00f3 a todos los actores de Gobierno, sumar esfuerzos a favor de Morelia y ofrecer alternativas que permitan articular acciones tendientes a resolver las necesidades de los morelianos, m\u00e1s all\u00e1 de los intereses particulares y posturas pol\u00edticas.<\/p>\n","protected":false},"excerpt":{"rendered":"<p>En virtud de la voluntad de los morelianos y tras concluir en meses pasados el periodo legal para su aplicaci\u00f3n, no se implementar\u00e1 el sistema de fotomultas en Morelia, resalt\u00f3 el Presidente Municipal, Alfonso Mart\u00ednez Alc\u00e1zar, al tiempo que agreg\u00f3 que el tema de la seguridad vial es analizado considerando otras alternativas que involucren tambi\u00e9n a la ciudadan\u00eda a trav\u00e9s de sectores sociales.<\/p>\n","protected":false},"author":1,"featured_media":28432,"comment_status":"open","ping_status":"open","sticky":false,"template":"","format":"standard","meta":{"footnotes":""},"categories":[14,9],"tags":[],"class_list":["post-28431","post","type-post","status-publish","format-standard","has-post-thumbnail","hentry","category-destacadas","category-morelia"],"_links":{"self":[{"href":"https:\/\/radiowebmx.com\/nota\/wp-json\/wp\/v2\/posts\/28431","targetHints":{"allow":["GET"]}}],"collection":[{"href":"https:\/\/radiowebmx.com\/nota\/wp-json\/wp\/v2\/posts"}],"about":[{"href":"https:\/\/radiowebmx.com\/nota\/wp-json\/wp\/v2\/types\/post"}],"author":[{"embeddable":true,"href":"https:\/\/radiowebmx.com\/nota\/wp-json\/wp\/v2\/users\/1"}],"replies":[{"embeddable":true,"href":"https:\/\/radiowebmx.com\/nota\/wp-json\/wp\/v2\/comments?post=28431"}],"version-history":[{"count":1,"href":"https:\/\/radiowebmx.com\/nota\/wp-json\/wp\/v2\/posts\/28431\/revisions"}],"predecessor-version":[{"id":28433,"href":"https:\/\/radiowebmx.com\/nota\/wp-json\/wp\/v2\/posts\/28431\/revisions\/28433"}],"wp:featuredmedia":[{"embeddable":true,"href":"https:\/\/radiowebmx.com\/nota\/wp-json\/wp\/v2\/media\/28432"}],"wp:attachment":[{"href":"https:\/\/radiowebmx.com\/nota\/wp-json\/wp\/v2\/media?parent=28431"}],"wp:term":[{"taxonomy":"category","embeddable":true,"href":"https:\/\/radiowebmx.com\/nota\/wp-json\/wp\/v2\/categories?post=28431"},{"taxonomy":"post_tag","embeddable":true,"href":"https:\/\/radiowebmx.com\/nota\/wp-json\/wp\/v2\/tags?post=28431"}],"curies":[{"name":"wp","href":"https:\/\/api.w.org\/{rel}","templated":true}]}}