{"id":28428,"date":"2016-12-01T10:50:29","date_gmt":"2016-12-01T16:50:29","guid":{"rendered":"https:\/\/radiowebmx.com\/nota\/?p=28428"},"modified":"2016-12-01T10:50:29","modified_gmt":"2016-12-01T16:50:29","slug":"la-univim-por-la-movilidad-virtual-de-sus-estudiantes-y-docentes","status":"publish","type":"post","link":"https:\/\/radiowebmx.com\/nota\/la-univim-por-la-movilidad-virtual-de-sus-estudiantes-y-docentes\/","title":{"rendered":"La Univim, por la movilidad virtual de sus estudiantes y docentes"},"content":{"rendered":"<p><img loading=\"lazy\" decoding=\"async\" src=\"https:\/\/radiowebmx.com\/nota\/wp-content\/uploads\/2016\/12\/cf00840d-dbd6-4896-9d22-27987bdeaf90.jpg\" alt=\"cf00840d-dbd6-4896-9d22-27987bdeaf90\" width=\"709\" height=\"531\" class=\"alignleft size-full wp-image-28429\" srcset=\"https:\/\/radiowebmx.com\/nota\/wp-content\/uploads\/2016\/12\/cf00840d-dbd6-4896-9d22-27987bdeaf90.jpg 709w, https:\/\/radiowebmx.com\/nota\/wp-content\/uploads\/2016\/12\/cf00840d-dbd6-4896-9d22-27987bdeaf90-300x225.jpg 300w\" sizes=\"auto, (max-width: 709px) 100vw, 709px\" \/><\/p>\n<p>Morelia, Michoac\u00e1n, a 30 de noviembre de 2016.- Con el objetivo de estandarizar dise\u00f1os instruccionales y valuaci\u00f3n de cr\u00e9ditos para lograr la movilidad virtual entre alumnos y docentes, la Universidad Virtual del Estado de Michoac\u00e1n (Univim), particip\u00f3 en la reuni\u00f3n ordinaria de la Comisi\u00f3n de Seguimiento del Espacio Com\u00fan de Educaci\u00f3n Superior a Distancia (ECOESAD), la cual est\u00e1 conformada por 75 instituciones de educaci\u00f3n superior del pa\u00eds.  <\/p>\n<p>En este marco se llevaron a cabo dos talleres de gran importancia para la educaci\u00f3n virtual: \u201cEvaluaci\u00f3n y Acreditaci\u00f3n de Programas de Educaci\u00f3n a Distancia\u201d y \u201cMovilidad Virtual\u201d, en los que participaron la rectora y el director de Planeaci\u00f3n y Vinculaci\u00f3n de la Univim, Silvia Mendoza Valenzuela y Sergio Sidney Moreno Vargas, respectivamente.<\/p>\n<p>Derivado de ello se lograron acuerdos en beneficio de los alumnos de esta casa de estudios, como la movilidad virtual a la que podr\u00e1n tener acceso los estudiantes para cursar programas educativos y materias de licenciatura y posgrado en otras universidades que tambi\u00e9n ofertan programas en l\u00ednea. De igual manera, podr\u00e1n acceder a una metabase (compilaci\u00f3n de informaci\u00f3n acad\u00e9mica) para consultas de material educativo, lo cual fortalecer\u00e1 su proceso de ense\u00f1anza aprendizaje.<\/p>\n<p>De igual forma, se lograron a acuerdos para el intercambio y elaboraci\u00f3n de programas acad\u00e9micos entre las universidades integrantes de la ECOESAD, en donde la Univim estar\u00e1 al frente del proyecto de gesti\u00f3n para la evaluaci\u00f3n y acreditaci\u00f3n de licenciaturas e ingenier\u00edas en l\u00ednea.<\/p>\n<p>Con estas acciones de evaluaci\u00f3n y vinculaci\u00f3n acad\u00e9mica con diferentes instituciones del pa\u00eds, la Univim ofrecer\u00e1 educaci\u00f3n superior de calidad a las y los michoacanos, como lo ha instruido el Gobernador Silvano Aureoles Conejo.<\/p>\n","protected":false},"excerpt":{"rendered":"<p>Con el objetivo de estandarizar dise\u00f1os instruccionales y valuaci\u00f3n de cr\u00e9ditos para lograr la movilidad virtual entre alumnos y docentes, la Univim, particip\u00f3 en la reuni\u00f3n ordinaria de la Comisi\u00f3n de Seguimiento del Espacio Com\u00fan de Educaci\u00f3n Superior a Distancia (ECOESAD), la cual est\u00e1 conformada por 75 instituciones de educaci\u00f3n superior del pa\u00eds.  <\/p>\n","protected":false},"author":1,"featured_media":28429,"comment_status":"open","ping_status":"open","sticky":false,"template":"","format":"standard","meta":{"footnotes":""},"categories":[14,3],"tags":[],"class_list":["post-28428","post","type-post","status-publish","format-standard","has-post-thumbnail","hentry","category-destacadas","category-gobierno-del-estado-de-michoacan"],"_links":{"self":[{"href":"https:\/\/radiowebmx.com\/nota\/wp-json\/wp\/v2\/posts\/28428","targetHints":{"allow":["GET"]}}],"collection":[{"href":"https:\/\/radiowebmx.com\/nota\/wp-json\/wp\/v2\/posts"}],"about":[{"href":"https:\/\/radiowebmx.com\/nota\/wp-json\/wp\/v2\/types\/post"}],"author":[{"embeddable":true,"href":"https:\/\/radiowebmx.com\/nota\/wp-json\/wp\/v2\/users\/1"}],"replies":[{"embeddable":true,"href":"https:\/\/radiowebmx.com\/nota\/wp-json\/wp\/v2\/comments?post=28428"}],"version-history":[{"count":1,"href":"https:\/\/radiowebmx.com\/nota\/wp-json\/wp\/v2\/posts\/28428\/revisions"}],"predecessor-version":[{"id":28430,"href":"https:\/\/radiowebmx.com\/nota\/wp-json\/wp\/v2\/posts\/28428\/revisions\/28430"}],"wp:featuredmedia":[{"embeddable":true,"href":"https:\/\/radiowebmx.com\/nota\/wp-json\/wp\/v2\/media\/28429"}],"wp:attachment":[{"href":"https:\/\/radiowebmx.com\/nota\/wp-json\/wp\/v2\/media?parent=28428"}],"wp:term":[{"taxonomy":"category","embeddable":true,"href":"https:\/\/radiowebmx.com\/nota\/wp-json\/wp\/v2\/categories?post=28428"},{"taxonomy":"post_tag","embeddable":true,"href":"https:\/\/radiowebmx.com\/nota\/wp-json\/wp\/v2\/tags?post=28428"}],"curies":[{"name":"wp","href":"https:\/\/api.w.org\/{rel}","templated":true}]}}