{"id":28425,"date":"2016-12-01T10:15:16","date_gmt":"2016-12-01T16:15:16","guid":{"rendered":"https:\/\/radiowebmx.com\/nota\/?p=28425"},"modified":"2016-12-01T10:15:16","modified_gmt":"2016-12-01T16:15:16","slug":"cobaem-y-universidad-de-la-cienega-suman-esfuerzos-por-la-educacion","status":"publish","type":"post","link":"https:\/\/radiowebmx.com\/nota\/cobaem-y-universidad-de-la-cienega-suman-esfuerzos-por-la-educacion\/","title":{"rendered":"Cobaem y Universidad de la Ci\u00e9nega suman esfuerzos por la educaci\u00f3n"},"content":{"rendered":"<p>Sahuayo, Michoac\u00e1n, a 30 de noviembre de 2016.- Con el objetivo de coordinar acciones y esfuerzos para promover el desarrollo y generaci\u00f3n de proyectos de emprendimiento y capacitaci\u00f3n, el Colegio de Bachilleres del Estado de Michoac\u00e1n (Cobaem) y la Universidad de la Ci\u00e9nega del Estado de Michoac\u00e1n (UCEM) firmaron un convenio de colaboraci\u00f3n interinstitucional en materia de vinculaci\u00f3n acad\u00e9mica y profesional.<\/p>\n<p>Este convenio permitir\u00e1 realizar proyectos en las \u00e1reas de inter\u00e9s com\u00fan y que las y los estudiantes liberen su servicio social; adem\u00e1s, las y los docentes y personal administrativo tendr\u00e1n la oportunidad de participar en los programas de estudio que oferta la UCEM y podr\u00e1n intercambiar informaci\u00f3n y publicaciones relacionadas con este convenio.<\/p>\n<p>El director general del Cobaem, Alejandro Bustos Aguilar, se congratul\u00f3 y resalt\u00f3 que una de las premisas del Gobernador Silvano Aureoles Conejo es fortalecer la educaci\u00f3n y recuperar la esencia de las instituciones p\u00fablicas.<\/p>\n<p>Es importante mencionar que la UCEM sale de lo convencional en sus carreras, ya que brinda nuevas opciones que est\u00e1n a la vanguardia.<\/p>\n<p>A la firma del convenio tambi\u00e9n asistieron el director acad\u00e9mico del Cobaem, Gonzalo Ferreira Garc\u00eda; la s\u00edndica del Ayuntamiento de Sahuayo, Mariana Tejeda; la secretaria acad\u00e9mica de la UCEM, Blanca Ruan, as\u00ed como docentes y ciudadanos en general.<\/p>\n","protected":false},"excerpt":{"rendered":"<p>Con el objetivo de coordinar acciones y esfuerzos para promover el desarrollo y generaci\u00f3n de proyectos de emprendimiento y capacitaci\u00f3n, el Colegio de Bachilleres del Estado de Michoac\u00e1n (Cobaem) y la Universidad de la Ci\u00e9nega del Estado de Michoac\u00e1n (UCEM) firmaron un convenio de colaboraci\u00f3n interinstitucional en materia de vinculaci\u00f3n acad\u00e9mica y profesional.<\/p>\n","protected":false},"author":1,"featured_media":28426,"comment_status":"open","ping_status":"open","sticky":false,"template":"","format":"standard","meta":{"footnotes":""},"categories":[14,3],"tags":[],"class_list":["post-28425","post","type-post","status-publish","format-standard","has-post-thumbnail","hentry","category-destacadas","category-gobierno-del-estado-de-michoacan"],"_links":{"self":[{"href":"https:\/\/radiowebmx.com\/nota\/wp-json\/wp\/v2\/posts\/28425","targetHints":{"allow":["GET"]}}],"collection":[{"href":"https:\/\/radiowebmx.com\/nota\/wp-json\/wp\/v2\/posts"}],"about":[{"href":"https:\/\/radiowebmx.com\/nota\/wp-json\/wp\/v2\/types\/post"}],"author":[{"embeddable":true,"href":"https:\/\/radiowebmx.com\/nota\/wp-json\/wp\/v2\/users\/1"}],"replies":[{"embeddable":true,"href":"https:\/\/radiowebmx.com\/nota\/wp-json\/wp\/v2\/comments?post=28425"}],"version-history":[{"count":1,"href":"https:\/\/radiowebmx.com\/nota\/wp-json\/wp\/v2\/posts\/28425\/revisions"}],"predecessor-version":[{"id":28427,"href":"https:\/\/radiowebmx.com\/nota\/wp-json\/wp\/v2\/posts\/28425\/revisions\/28427"}],"wp:featuredmedia":[{"embeddable":true,"href":"https:\/\/radiowebmx.com\/nota\/wp-json\/wp\/v2\/media\/28426"}],"wp:attachment":[{"href":"https:\/\/radiowebmx.com\/nota\/wp-json\/wp\/v2\/media?parent=28425"}],"wp:term":[{"taxonomy":"category","embeddable":true,"href":"https:\/\/radiowebmx.com\/nota\/wp-json\/wp\/v2\/categories?post=28425"},{"taxonomy":"post_tag","embeddable":true,"href":"https:\/\/radiowebmx.com\/nota\/wp-json\/wp\/v2\/tags?post=28425"}],"curies":[{"name":"wp","href":"https:\/\/api.w.org\/{rel}","templated":true}]}}