{"id":28422,"date":"2016-12-01T10:13:25","date_gmt":"2016-12-01T16:13:25","guid":{"rendered":"https:\/\/radiowebmx.com\/nota\/?p=28422"},"modified":"2016-12-01T10:13:25","modified_gmt":"2016-12-01T16:13:25","slug":"reconoce-spi-aportacion-de-la-xepur-a-la-integracion-social","status":"publish","type":"post","link":"https:\/\/radiowebmx.com\/nota\/reconoce-spi-aportacion-de-la-xepur-a-la-integracion-social\/","title":{"rendered":"Reconoce SPI aportaci\u00f3n de la XEPUR a la integraci\u00f3n social"},"content":{"rendered":"<p><img loading=\"lazy\" decoding=\"async\" src=\"https:\/\/radiowebmx.com\/nota\/wp-content\/uploads\/2016\/12\/cc8b3d22-4f7f-4bd9-bd6f-730f48edd5c3.jpg\" alt=\"cc8b3d22-4f7f-4bd9-bd6f-730f48edd5c3\" width=\"709\" height=\"531\" class=\"alignleft size-full wp-image-28423\" srcset=\"https:\/\/radiowebmx.com\/nota\/wp-content\/uploads\/2016\/12\/cc8b3d22-4f7f-4bd9-bd6f-730f48edd5c3.jpg 709w, https:\/\/radiowebmx.com\/nota\/wp-content\/uploads\/2016\/12\/cc8b3d22-4f7f-4bd9-bd6f-730f48edd5c3-300x225.jpg 300w\" sizes=\"auto, (max-width: 709px) 100vw, 709px\" \/><\/p>\n<p>Cher\u00e1n, Michoac\u00e1n, a 29 de noviembre de 2016.- La XEPUR, La Voz de los Pur\u00e9pechas, ha sido un instrumento facilitador de la integraci\u00f3n social de las comunidades pur\u00e9pechas durante m\u00e1s de tres d\u00e9cadas, destac\u00f3 el titular de la Secretar\u00eda de Pueblos Ind\u00edgenas (SPI), Mart\u00edn Garc\u00eda Avil\u00e9s, de visita en este medio radiof\u00f3nico biling\u00fce.<\/p>\n<p>Se\u00f1al\u00f3 que la SPI reconoce a la XEPUR como el medio de comunicaci\u00f3n m\u00e1s importante de la geograf\u00eda pur\u00e9pecha, por lo que pugnar\u00e1 para que otras dependencias del Gobierno del Estado, que encabeza el Gobernador Silvano Aureoles Conejo, se acerquen a la radiodifusora p\u00fablica para informar y escuchar a las comunidades ind\u00edgenas sobre las pol\u00edticas y acciones ejecutadas y proyectadas\u201d.<\/p>\n<p>Dijo que la SPI y la Comisi\u00f3n para el Desarrollo de los Pueblos Ind\u00edgenas (CDI, de la que depende el Sistema Nacional de Radios Indigenistas) continuar\u00e1n trabajando juntas, y que el delegado en la entidad de la dependencia federal, Rafael Mu\u00f1\u00eds Cruz, es \u201cun hombre profesional y sensible, de claro compromiso con los michoacanos\u201d, por lo que estrechar\u00e1n lazos de contacto.<\/p>\n<p>El funcionario estatal subray\u00f3 el aporte social de la radio que ha contado con locutores biling\u00fces de las microrregiones pur\u00e9pechas, enriqueciendo de esta forma el patrimonio ling\u00fc\u00edstico y siendo una gran difusora de la pirekua, el arte musical, la fiesta y otras manifestaciones de la cultura de los pueblos, sin faltar la difusi\u00f3n de demandas y proyectos exitosos.<\/p>\n<p>Por \u00faltimo, resalt\u00f3 la vinculaci\u00f3n que la SPI ha tenido en los 45 d\u00edas que van desde que asumi\u00f3 el cargo con todas las regiones y liderazgos interesados en el desarrollo, y con m\u00e1s de 200 autoridades civiles y agrarias; asimismo, inform\u00f3 que en breve presentar\u00e1 la estrategia de concertaci\u00f3n secretarial para la atenci\u00f3n al sector ind\u00edgena.<\/p>\n","protected":false},"excerpt":{"rendered":"<p> La XEPUR, La Voz de los Pur\u00e9pechas, ha sido un instrumento facilitador de la integraci\u00f3n social de las comunidades pur\u00e9pechas durante m\u00e1s de tres d\u00e9cadas, destac\u00f3 el titular de la Secretar\u00eda de Pueblos Ind\u00edgenas (SPI), Mart\u00edn Garc\u00eda Avil\u00e9s, de visita en este medio radiof\u00f3nico biling\u00fce.<\/p>\n","protected":false},"author":1,"featured_media":28423,"comment_status":"open","ping_status":"open","sticky":false,"template":"","format":"standard","meta":{"footnotes":""},"categories":[14,3],"tags":[],"class_list":["post-28422","post","type-post","status-publish","format-standard","has-post-thumbnail","hentry","category-destacadas","category-gobierno-del-estado-de-michoacan"],"_links":{"self":[{"href":"https:\/\/radiowebmx.com\/nota\/wp-json\/wp\/v2\/posts\/28422","targetHints":{"allow":["GET"]}}],"collection":[{"href":"https:\/\/radiowebmx.com\/nota\/wp-json\/wp\/v2\/posts"}],"about":[{"href":"https:\/\/radiowebmx.com\/nota\/wp-json\/wp\/v2\/types\/post"}],"author":[{"embeddable":true,"href":"https:\/\/radiowebmx.com\/nota\/wp-json\/wp\/v2\/users\/1"}],"replies":[{"embeddable":true,"href":"https:\/\/radiowebmx.com\/nota\/wp-json\/wp\/v2\/comments?post=28422"}],"version-history":[{"count":1,"href":"https:\/\/radiowebmx.com\/nota\/wp-json\/wp\/v2\/posts\/28422\/revisions"}],"predecessor-version":[{"id":28424,"href":"https:\/\/radiowebmx.com\/nota\/wp-json\/wp\/v2\/posts\/28422\/revisions\/28424"}],"wp:featuredmedia":[{"embeddable":true,"href":"https:\/\/radiowebmx.com\/nota\/wp-json\/wp\/v2\/media\/28423"}],"wp:attachment":[{"href":"https:\/\/radiowebmx.com\/nota\/wp-json\/wp\/v2\/media?parent=28422"}],"wp:term":[{"taxonomy":"category","embeddable":true,"href":"https:\/\/radiowebmx.com\/nota\/wp-json\/wp\/v2\/categories?post=28422"},{"taxonomy":"post_tag","embeddable":true,"href":"https:\/\/radiowebmx.com\/nota\/wp-json\/wp\/v2\/tags?post=28422"}],"curies":[{"name":"wp","href":"https:\/\/api.w.org\/{rel}","templated":true}]}}