{"id":28419,"date":"2016-12-01T10:10:03","date_gmt":"2016-12-01T16:10:03","guid":{"rendered":"https:\/\/radiowebmx.com\/nota\/?p=28419"},"modified":"2016-12-01T10:10:03","modified_gmt":"2016-12-01T16:10:03","slug":"participa-semigrante-en-el-5o-taller-de-migracion-y-judicatura-local","status":"publish","type":"post","link":"https:\/\/radiowebmx.com\/nota\/participa-semigrante-en-el-5o-taller-de-migracion-y-judicatura-local\/","title":{"rendered":"Participa Semigrante en el 5\u00ba Taller de Migraci\u00f3n y Judicatura Local"},"content":{"rendered":"<p><img loading=\"lazy\" decoding=\"async\" src=\"https:\/\/radiowebmx.com\/nota\/wp-content\/uploads\/2016\/12\/8b4016ca-60ff-4443-82a6-929ba2f45191.jpeg\" alt=\"8b4016ca-60ff-4443-82a6-929ba2f45191\" width=\"709\" height=\"531\" class=\"alignleft size-full wp-image-28420\" srcset=\"https:\/\/radiowebmx.com\/nota\/wp-content\/uploads\/2016\/12\/8b4016ca-60ff-4443-82a6-929ba2f45191.jpeg 709w, https:\/\/radiowebmx.com\/nota\/wp-content\/uploads\/2016\/12\/8b4016ca-60ff-4443-82a6-929ba2f45191-300x225.jpeg 300w\" sizes=\"auto, (max-width: 709px) 100vw, 709px\" \/><\/p>\n<p>Morelia, Michoac\u00e1n, a 30 de noviembre de 2016.-  El titular de la Secretar\u00eda del Migrante (Semigrante), Jos\u00e9 Luis Guti\u00e9rrez, particip\u00f3 en el quinto Taller de Migraci\u00f3n \u201cProtocolo de actuaci\u00f3n para quienes imparten justicia en casos que afectan a personas migrantes y sujetos de protecci\u00f3n internacional\u201d.<\/p>\n<p>El taller est\u00e1 dirigido a los servidores p\u00fablicos que realizan tr\u00e1mites legales para migrantes, quienes pueden aportar informaci\u00f3n sobre qu\u00e9 puntos causan problem\u00e1tica para dar seguimiento a las gestiones o, en su caso, explicar qu\u00e9 es lo m\u00e1s importante de atender para que tenga validez.<\/p>\n<p>La intenci\u00f3n es delimitar competencias entre las autoridades, unificar criterios y hacer propuestas para reformas legislativas. Por ello, los que participaron son representantes de la Embajada de Estados Unidos en M\u00e9xico, la Secretar\u00eda de Relaciones Exteriores, el Instituto Nacional de Migraci\u00f3n, la Direcci\u00f3n del Registro Civil, las comisiones ejecutivas de Atenci\u00f3n a V\u00edctimas y Estatal de Atenci\u00f3n a V\u00edctimas, as\u00ed como del Colegio de Notarios de Michoac\u00e1n.<\/p>\n<p>En su participaci\u00f3n, el titular de la Semigrante destac\u00f3 que la instrucci\u00f3n del Gobernador Silvano Aureoles Conejo es apostar siempre al trabajo colaborativo con todas las dependencias de los tres \u00f3rdenes de gobierno que tengan injerencia en el tema migratorio.<\/p>\n<p>En seguimiento al taller se efectu\u00f3 esta ponencia magistral, donde se enfatiz\u00f3 la necesidad de reforzar el entendimiento, sustentado en est\u00e1ndares internacionales de que las personas sean respetadas en sus derechos humanos sin importar su condici\u00f3n migratoria, y destacando que es una obligaci\u00f3n de los estados garantizar los mismos.<\/p>\n","protected":false},"excerpt":{"rendered":"<p> El titular de la Secretar\u00eda del Migrante (Semigrante), Jos\u00e9 Luis Guti\u00e9rrez, particip\u00f3 en el quinto Taller de Migraci\u00f3n \u201cProtocolo de actuaci\u00f3n para quienes imparten justicia en casos que afectan a personas migrantes y sujetos de protecci\u00f3n internacional\u201d.<\/p>\n","protected":false},"author":1,"featured_media":28420,"comment_status":"open","ping_status":"open","sticky":false,"template":"","format":"standard","meta":{"footnotes":""},"categories":[14,3],"tags":[],"class_list":["post-28419","post","type-post","status-publish","format-standard","has-post-thumbnail","hentry","category-destacadas","category-gobierno-del-estado-de-michoacan"],"_links":{"self":[{"href":"https:\/\/radiowebmx.com\/nota\/wp-json\/wp\/v2\/posts\/28419","targetHints":{"allow":["GET"]}}],"collection":[{"href":"https:\/\/radiowebmx.com\/nota\/wp-json\/wp\/v2\/posts"}],"about":[{"href":"https:\/\/radiowebmx.com\/nota\/wp-json\/wp\/v2\/types\/post"}],"author":[{"embeddable":true,"href":"https:\/\/radiowebmx.com\/nota\/wp-json\/wp\/v2\/users\/1"}],"replies":[{"embeddable":true,"href":"https:\/\/radiowebmx.com\/nota\/wp-json\/wp\/v2\/comments?post=28419"}],"version-history":[{"count":1,"href":"https:\/\/radiowebmx.com\/nota\/wp-json\/wp\/v2\/posts\/28419\/revisions"}],"predecessor-version":[{"id":28421,"href":"https:\/\/radiowebmx.com\/nota\/wp-json\/wp\/v2\/posts\/28419\/revisions\/28421"}],"wp:featuredmedia":[{"embeddable":true,"href":"https:\/\/radiowebmx.com\/nota\/wp-json\/wp\/v2\/media\/28420"}],"wp:attachment":[{"href":"https:\/\/radiowebmx.com\/nota\/wp-json\/wp\/v2\/media?parent=28419"}],"wp:term":[{"taxonomy":"category","embeddable":true,"href":"https:\/\/radiowebmx.com\/nota\/wp-json\/wp\/v2\/categories?post=28419"},{"taxonomy":"post_tag","embeddable":true,"href":"https:\/\/radiowebmx.com\/nota\/wp-json\/wp\/v2\/tags?post=28419"}],"curies":[{"name":"wp","href":"https:\/\/api.w.org\/{rel}","templated":true}]}}