{"id":28415,"date":"2016-11-30T15:00:59","date_gmt":"2016-11-30T21:00:59","guid":{"rendered":"https:\/\/radiowebmx.com\/nota\/?p=28415"},"modified":"2016-11-30T15:00:59","modified_gmt":"2016-11-30T21:00:59","slug":"reconoce-sep-a-silvano-aureoles-por-priorizar-educacion-en-michoacan","status":"publish","type":"post","link":"https:\/\/radiowebmx.com\/nota\/reconoce-sep-a-silvano-aureoles-por-priorizar-educacion-en-michoacan\/","title":{"rendered":"Reconoce SEP a Silvano Aureoles por priorizar educaci\u00f3n en Michoac\u00e1n"},"content":{"rendered":"<p><img loading=\"lazy\" decoding=\"async\" src=\"https:\/\/radiowebmx.com\/nota\/wp-content\/uploads\/2016\/11\/fb6777c2-d7c6-4c69-b4cb-a0c5fcd4e6af.jpg\" alt=\"fb6777c2-d7c6-4c69-b4cb-a0c5fcd4e6af\" width=\"709\" height=\"472\" class=\"alignleft size-full wp-image-28416\" srcset=\"https:\/\/radiowebmx.com\/nota\/wp-content\/uploads\/2016\/11\/fb6777c2-d7c6-4c69-b4cb-a0c5fcd4e6af.jpg 709w, https:\/\/radiowebmx.com\/nota\/wp-content\/uploads\/2016\/11\/fb6777c2-d7c6-4c69-b4cb-a0c5fcd4e6af-300x200.jpg 300w\" sizes=\"auto, (max-width: 709px) 100vw, 709px\" \/><\/p>\n<p>Morelia, Michoac\u00e1n, a 30 de noviembre de 2016.- El secretario de Educaci\u00f3n P\u00fablica federal, Aurelio Nu\u00f1o Mayer, felicit\u00f3 y reconoci\u00f3 al Gobernador Constitucional, Silvano Aureoles Conejo por hacer de la educaci\u00f3n una prioridad para Michoac\u00e1n,  por la valent\u00eda mostrada ante un contexto complejo en la entidad, decidido a romper viejos vicios, as\u00ed lo destac\u00f3 durante la inauguraci\u00f3n de la Tercera Reuni\u00f3n del Grupo de Coordinaci\u00f3n Regional Zona Occidente de la Conferencia Nacional de Gobernadores, en materia de educaci\u00f3n.<\/p>\n<p>Con la presencia de los mandatarios estatales de Jalisco, Nayarit, Quer\u00e9taro y Zacatecas, as\u00ed como de los secretarios de Educaci\u00f3n y funcionarios de Guanajuato, Colima y Aguascalientes, Aureoles Conejo asent\u00f3 que el derecho a aprender de las nuevas generaciones est\u00e1 por encima de todo, y hacerlo valer es responsabilidad de todos.<\/p>\n<p>Mientras que el titular de la SEP los exhort\u00f3 a seguir trabajando de manera conjunta federaci\u00f3n y estados para avanzar en la consolidaci\u00f3n de la educaci\u00f3n de calidad en beneficio de la ni\u00f1ez y la juventud mexicanas.<\/p>\n<p>\u201cQuiero hacerle un reconocimiento, ya que en un contexto complejo, dif\u00edcil y complicado, el Gobernador Silvano Aureoles ha decidido que la educaci\u00f3n es la prioridad para Michoac\u00e1n y con una gran valent\u00eda hemos trabajado juntos para caminar y romper viejos vicios y poner la agenda de las ni\u00f1as y los ni\u00f1os primero\u201d, subray\u00f3 Nu\u00f1o Mayer.<\/p>\n<p>Mientras que el jefe del Poder Ejecutivo en la entidad se\u00f1al\u00f3 que: \u201cLa educaci\u00f3n es responsabilidad fundamental de tres grandes sectores: la sociedad,  las maestras, los maestros y el Gobierno; pero sin duda la necesidad de la rector\u00eda del Estado, es una condici\u00f3n indispensable para que los objetivos y las metas trazadas se alcancen bien\u201d.<\/p>\n<p>Adem\u00e1s, Aureoles Conejo asegur\u00f3 que Michoac\u00e1n y en la regi\u00f3n Centro Occidente, comparten la visi\u00f3n de que se tiene que alcanzar una educaci\u00f3n de calidad para todos los ni\u00f1os, ni\u00f1as y j\u00f3venes, con una condici\u00f3n indispensable para alcanzar la justicia social, el acceso a mejores condiciones de vida y una patria m\u00e1s justa, m\u00e1s incluyente y m\u00e1s equitativa.<\/p>\n<p>Por su parte, Nu\u00f1o Mayer reiter\u00f3 que la Federaci\u00f3n y los estados trabajan para transformar las escuelas para que estas sean abiertas y din\u00e1micas, dejando de lado los procesos burocr\u00e1ticos, autoritarios y r\u00edgidos, ya que se busca dejar atr\u00e1s el sistema clientelar y corporativo.<\/p>\n<p>El secretario de Educaci\u00f3n P\u00fablica inform\u00f3 que durante esta reuni\u00f3n abordaron cinco temas centrales como son: el an\u00e1lisis de los avances del programa Escuela al Centro, as\u00ed como del nuevo Modelo Educativo, el programa Escuelas al CIEN donde se invierten 50 mil millones de pesos para la construcci\u00f3n, rehabilitaci\u00f3n y mantenimiento de 33 mil planteles en todo el pa\u00eds; adem\u00e1s de los avances en el combate al rezago educativo y la presentaci\u00f3n de la nueva agenda digital Aprende 2.0.<\/p>\n<p>En la tercera reuni\u00f3n del Grupo de Coordinaci\u00f3n Regional Zona Occidente, estuvieron presentes los gobernadores Jorge Arist\u00f3teles Sandoval D\u00edaz, de Jalisco; Roberto Sandoval Casta\u00f1eda, de Nayarit; Francisco Dom\u00ednguez Serv\u00edn, de Quer\u00e9taro; Alejandro Tello Cisterna, de Zacatecas; as\u00ed como los secretarios de Educaci\u00f3n, funcionarios federales y estatales de Aguascalientes, Colima y Guanajuato.<\/p>\n","protected":false},"excerpt":{"rendered":"<p>El secretario de Educaci\u00f3n P\u00fablica federal, Aurelio Nu\u00f1o Mayer, felicit\u00f3 y reconoci\u00f3 al Gobernador Constitucional, Silvano Aureoles Conejo por hacer de la educaci\u00f3n una prioridad para Michoac\u00e1n<\/p>\n","protected":false},"author":1,"featured_media":28416,"comment_status":"open","ping_status":"open","sticky":false,"template":"","format":"standard","meta":{"footnotes":""},"categories":[14,3],"tags":[],"class_list":["post-28415","post","type-post","status-publish","format-standard","has-post-thumbnail","hentry","category-destacadas","category-gobierno-del-estado-de-michoacan"],"_links":{"self":[{"href":"https:\/\/radiowebmx.com\/nota\/wp-json\/wp\/v2\/posts\/28415","targetHints":{"allow":["GET"]}}],"collection":[{"href":"https:\/\/radiowebmx.com\/nota\/wp-json\/wp\/v2\/posts"}],"about":[{"href":"https:\/\/radiowebmx.com\/nota\/wp-json\/wp\/v2\/types\/post"}],"author":[{"embeddable":true,"href":"https:\/\/radiowebmx.com\/nota\/wp-json\/wp\/v2\/users\/1"}],"replies":[{"embeddable":true,"href":"https:\/\/radiowebmx.com\/nota\/wp-json\/wp\/v2\/comments?post=28415"}],"version-history":[{"count":1,"href":"https:\/\/radiowebmx.com\/nota\/wp-json\/wp\/v2\/posts\/28415\/revisions"}],"predecessor-version":[{"id":28417,"href":"https:\/\/radiowebmx.com\/nota\/wp-json\/wp\/v2\/posts\/28415\/revisions\/28417"}],"wp:featuredmedia":[{"embeddable":true,"href":"https:\/\/radiowebmx.com\/nota\/wp-json\/wp\/v2\/media\/28416"}],"wp:attachment":[{"href":"https:\/\/radiowebmx.com\/nota\/wp-json\/wp\/v2\/media?parent=28415"}],"wp:term":[{"taxonomy":"category","embeddable":true,"href":"https:\/\/radiowebmx.com\/nota\/wp-json\/wp\/v2\/categories?post=28415"},{"taxonomy":"post_tag","embeddable":true,"href":"https:\/\/radiowebmx.com\/nota\/wp-json\/wp\/v2\/tags?post=28415"}],"curies":[{"name":"wp","href":"https:\/\/api.w.org\/{rel}","templated":true}]}}