{"id":28412,"date":"2016-11-30T14:59:33","date_gmt":"2016-11-30T20:59:33","guid":{"rendered":"https:\/\/radiowebmx.com\/nota\/?p=28412"},"modified":"2016-11-30T14:59:33","modified_gmt":"2016-11-30T20:59:33","slug":"gobierno-municipal-da-banderazo-a-rehabilitacion-vial-en-ciudad-industrial","status":"publish","type":"post","link":"https:\/\/radiowebmx.com\/nota\/gobierno-municipal-da-banderazo-a-rehabilitacion-vial-en-ciudad-industrial\/","title":{"rendered":"Gobierno Municipal da banderazo a rehabilitaci\u00f3n vial en Ciudad Industrial"},"content":{"rendered":"<p><img loading=\"lazy\" decoding=\"async\" src=\"https:\/\/radiowebmx.com\/nota\/wp-content\/uploads\/2016\/11\/19b628fc-a461-4858-9055-81c54e392824.jpeg\" alt=\"19b628fc-a461-4858-9055-81c54e392824\" width=\"709\" height=\"472\" class=\"alignleft size-full wp-image-28413\" srcset=\"https:\/\/radiowebmx.com\/nota\/wp-content\/uploads\/2016\/11\/19b628fc-a461-4858-9055-81c54e392824.jpeg 709w, https:\/\/radiowebmx.com\/nota\/wp-content\/uploads\/2016\/11\/19b628fc-a461-4858-9055-81c54e392824-300x200.jpeg 300w\" sizes=\"auto, (max-width: 709px) 100vw, 709px\" \/><\/p>\n<p>Con una inversi\u00f3n de un mill\u00f3n 230 mil pesos, el Ayuntamiento de Morelia en coordinaci\u00f3n con el Gobierno del Estado arrancaron la primera etapa de la rehabilitaci\u00f3n vial de Ciudad Industrial, esto con el objetivo de apoyar a las empresas que generan empleos en la capital del estado y darles calles transitables y seguras.<\/p>\n<p>En compa\u00f1\u00eda de Antonio S\u00e1nchez Soto, Secretario de Desarrollo Econ\u00f3mico de Gobierno del Estado; C\u00e9sar S\u00e1nchez Coria, Director General del Fideicomiso de Parques Industriales de Michoac\u00e1n (FIPAIM); Ricardo Bernal, Presidente de la Asociaci\u00f3n de Industriales de Michoac\u00e1n; Juan Fernando Sosa Tapia, Secretario de Desarrollo Metropolitano e Infraestructura; as\u00ed como los Regidores, Alma Rosa Bahena Villalobos, Jorge Luis Tinoco Ortiz y F\u00e9lix Madrigal Pulido, Alfonso Mart\u00ednez Alc\u00e1zar, indic\u00f3 que luego de varias reuniones para ver c\u00f3mo se pod\u00eda atacar esta problem\u00e1tica, este mi\u00e9rcoles dio inicio a esta primera etapa en la que por medio del bacheo se pretende darle un respiro a esta zona de la ciudad, la cual es de vital importancia para la econom\u00eda del municipio.<\/p>\n<p>Cabe mencionar que del mill\u00f3n 230 mil pesos, 700 mil los aportar\u00e1 el Gobierno Municipal y 530 mil el Gobierno del Estado, recursos con los que se pretende abarcar una superficie de 5 mil 363.25 metros cuadrados, con una longitud de 335 metros y un ancho de 15 metros, esto en el camino que conecta con la comunidad de La Aldea.<\/p>\n<p>\u201cVenimos con mucho gusto despu\u00e9s de reunirnos en distintas ocasiones con los industriales para ver c\u00f3mo \u00edbamos a resolver esta problem\u00e1tica que tienen muchas aristas, todos sabemos que es un tema complejo, pero hoy decidimos entre el Gobierno del Estado y el municipio ponerle una soluci\u00f3n esta problem\u00e1tica\u201d, destac\u00f3 Mart\u00ednez Alc\u00e1zar.<\/p>\n<p>Durante el banderazo de arranque, Jefe de la Comuna Moreliana, dej\u00f3 claro que ya se ha estado avanzando en el tema de c\u00f3mo se puede resolver a fondo esta situaci\u00f3n para el siguiente a\u00f1o, por lo que reiter\u00f3 que est\u00e1n en la mejor disposici\u00f3n de apoyar a los generadores de empleo.<\/p>\n<p>Subray\u00f3 que estar\u00e1n trabajando de la mano con el Gobierno del Estado y el Fideicomiso de Parques Industriales de Michoac\u00e1n (FIPAIM), para brindarles las condiciones necesarias a los industriales para el desarrollo de sus actividades en \u00f3ptimas condiciones.<\/p>\n<p>Por su parte, C\u00e9sar S\u00e1nchez Coria, Director General del Fideicomiso de Parques Industriales de Michoac\u00e1n (FIPAIM), destac\u00f3 que Ciudad Industrial es un polo de desarrollo para el Estado, en donde se albergan m\u00e1s de 130 empresas y aproximadamente se generan 6 mil empleos, por lo que el inicio de esta rehabilitaci\u00f3n de las v\u00edas de este recinto mejorar\u00e1 la log\u00edstica de sus empresas.<\/p>\n<p>Asimismo agradeci\u00f3 el apoyo de ambos gobiernos quienes han mostrado inter\u00e9s en resolver esta problem\u00e1tica que lleva a\u00f1os sin poderse resolver y que este mi\u00e9rcoles se da un gran avance para dar paso a una rehabilitaci\u00f3n mayor.<\/p>\n<p>Finalmente, Antonio Soto S\u00e1nchez, Secretario de Desarrollo Econ\u00f3mico, se\u00f1al\u00f3 que el FIPAIM en fechas posteriores entregar\u00e1 el proyecto que no s\u00f3lo dar\u00e1 una soluci\u00f3n moment\u00e1nea a las vialidades de dicho parque industrial, sino que presentar\u00e1 un proyecto ejecutivo que mejore \u00e9ste y otros aspectos, con lo cual se pretende crear un espacio atractivo para las inversiones.<\/p>\n","protected":false},"excerpt":{"rendered":"<p>Con una inversi\u00f3n de un mill\u00f3n 230 mil pesos, el Ayuntamiento de Morelia en coordinaci\u00f3n con el Gobierno del Estado arrancaron la primera etapa de la rehabilitaci\u00f3n vial de Ciudad Industrial, esto con el objetivo de apoyar a las empresas que generan empleos en la capital del estado y darles calles transitables y seguras.<\/p>\n","protected":false},"author":1,"featured_media":28413,"comment_status":"open","ping_status":"open","sticky":false,"template":"","format":"standard","meta":{"footnotes":""},"categories":[14,9],"tags":[],"class_list":["post-28412","post","type-post","status-publish","format-standard","has-post-thumbnail","hentry","category-destacadas","category-morelia"],"_links":{"self":[{"href":"https:\/\/radiowebmx.com\/nota\/wp-json\/wp\/v2\/posts\/28412","targetHints":{"allow":["GET"]}}],"collection":[{"href":"https:\/\/radiowebmx.com\/nota\/wp-json\/wp\/v2\/posts"}],"about":[{"href":"https:\/\/radiowebmx.com\/nota\/wp-json\/wp\/v2\/types\/post"}],"author":[{"embeddable":true,"href":"https:\/\/radiowebmx.com\/nota\/wp-json\/wp\/v2\/users\/1"}],"replies":[{"embeddable":true,"href":"https:\/\/radiowebmx.com\/nota\/wp-json\/wp\/v2\/comments?post=28412"}],"version-history":[{"count":1,"href":"https:\/\/radiowebmx.com\/nota\/wp-json\/wp\/v2\/posts\/28412\/revisions"}],"predecessor-version":[{"id":28414,"href":"https:\/\/radiowebmx.com\/nota\/wp-json\/wp\/v2\/posts\/28412\/revisions\/28414"}],"wp:featuredmedia":[{"embeddable":true,"href":"https:\/\/radiowebmx.com\/nota\/wp-json\/wp\/v2\/media\/28413"}],"wp:attachment":[{"href":"https:\/\/radiowebmx.com\/nota\/wp-json\/wp\/v2\/media?parent=28412"}],"wp:term":[{"taxonomy":"category","embeddable":true,"href":"https:\/\/radiowebmx.com\/nota\/wp-json\/wp\/v2\/categories?post=28412"},{"taxonomy":"post_tag","embeddable":true,"href":"https:\/\/radiowebmx.com\/nota\/wp-json\/wp\/v2\/tags?post=28412"}],"curies":[{"name":"wp","href":"https:\/\/api.w.org\/{rel}","templated":true}]}}