{"id":28405,"date":"2016-11-30T13:45:22","date_gmt":"2016-11-30T19:45:22","guid":{"rendered":"https:\/\/radiowebmx.com\/nota\/?p=28405"},"modified":"2016-11-30T13:45:22","modified_gmt":"2016-11-30T19:45:22","slug":"imparte-pgr-conferencia-perspectiva-de-seguridad-en-michoacan","status":"publish","type":"post","link":"https:\/\/radiowebmx.com\/nota\/imparte-pgr-conferencia-perspectiva-de-seguridad-en-michoacan\/","title":{"rendered":"Imparte PGR conferencia \u201cPerspectiva de Seguridad en Michoac\u00e1n\u201d"},"content":{"rendered":"<p><img loading=\"lazy\" decoding=\"async\" src=\"https:\/\/radiowebmx.com\/nota\/wp-content\/uploads\/2016\/11\/35dd6bef-8500-4c8c-8bdf-75aa1ba82200.jpeg\" alt=\"35dd6bef-8500-4c8c-8bdf-75aa1ba82200\" width=\"709\" height=\"531\" class=\"alignleft size-full wp-image-28406\" srcset=\"https:\/\/radiowebmx.com\/nota\/wp-content\/uploads\/2016\/11\/35dd6bef-8500-4c8c-8bdf-75aa1ba82200.jpeg 709w, https:\/\/radiowebmx.com\/nota\/wp-content\/uploads\/2016\/11\/35dd6bef-8500-4c8c-8bdf-75aa1ba82200-300x225.jpeg 300w\" sizes=\"auto, (max-width: 709px) 100vw, 709px\" \/><\/p>\n<p>L\u00e1zaro C\u00e1rdenas, Michoac\u00e1n, a 29 de noviembre de 2016.- Como parte de la Maestr\u00eda en Seguridad Nacional a alumnos de la Promoci\u00f3n XLI, la Procuradur\u00eda General de la Rep\u00fablica (PGR), a trav\u00e9s de la delegada estatal Bertha Paredes Gardu\u00f1o, imparti\u00f3 la conferencia denominada \u201cPerspectiva de Seguridad en Michoac\u00e1n\u201d, dirigida a directivos y alumnos colegiados del Centro de Estudios Superiores Navales en L\u00e1zaro C\u00e1rdenas.<\/p>\n<p>Con esta formaci\u00f3n se pretende que directivos y alumnos de dicha instituci\u00f3n conozcan las problem\u00e1ticas y acciones implementadas en los temas de seguridad en Michoac\u00e1n.<\/p>\n<p>Entre los t\u00f3picos que se abordaron durante este taller destacan: El derecho de toda persona a vivir en una comunidad segura; La obligaci\u00f3n del estado de dar seguridad a la ciudadan\u00eda; La delincuencia en el estado de Michoac\u00e1n; Herramientas jur\u00eddicas para perseguir a los delincuentes; Percepci\u00f3n de la sociedad ante la implementaci\u00f3n del Nuevo Sistema de Justicia Penal Acusatorio; Problem\u00e1tica, acciones para combatir los grupos delincuenciales y prospectiva; por mencionar algunos.<\/p>\n<p>La delegada estatal de la PGR en Michoac\u00e1n, Bertha Paredes Gardu\u00f1o, dio la bienvenida a sus oyentes, as\u00ed como a servidores p\u00fablicos, haciendo del conocimiento el compromiso que se tiene en la Procuradur\u00eda General de la Rep\u00fablica, y manifestando que es necesario que los alumnos cuenten con las herramientas necesarias para el buen desempe\u00f1o de sus actividades, obteniendo m\u00e1s conocimiento para as\u00ed, comprender y dominar la metodolog\u00eda de una investigaci\u00f3n dentro del Sistema de Justicia Penal Acusatorio.<\/p>\n","protected":false},"excerpt":{"rendered":"<p>Como parte de la Maestr\u00eda en Seguridad Nacional a alumnos de la Promoci\u00f3n XLI, la PGR, a trav\u00e9s de la delegada estatal Bertha Paredes Gardu\u00f1o, imparti\u00f3 la conferencia denominada \u201cPerspectiva de Seguridad en Michoac\u00e1n\u201d, dirigida a directivos y alumnos colegiados del Centro de Estudios Superiores Navales en L\u00e1zaro C\u00e1rdenas.<\/p>\n","protected":false},"author":1,"featured_media":28406,"comment_status":"open","ping_status":"open","sticky":false,"template":"","format":"standard","meta":{"footnotes":""},"categories":[14,3],"tags":[],"class_list":["post-28405","post","type-post","status-publish","format-standard","has-post-thumbnail","hentry","category-destacadas","category-gobierno-del-estado-de-michoacan"],"_links":{"self":[{"href":"https:\/\/radiowebmx.com\/nota\/wp-json\/wp\/v2\/posts\/28405","targetHints":{"allow":["GET"]}}],"collection":[{"href":"https:\/\/radiowebmx.com\/nota\/wp-json\/wp\/v2\/posts"}],"about":[{"href":"https:\/\/radiowebmx.com\/nota\/wp-json\/wp\/v2\/types\/post"}],"author":[{"embeddable":true,"href":"https:\/\/radiowebmx.com\/nota\/wp-json\/wp\/v2\/users\/1"}],"replies":[{"embeddable":true,"href":"https:\/\/radiowebmx.com\/nota\/wp-json\/wp\/v2\/comments?post=28405"}],"version-history":[{"count":1,"href":"https:\/\/radiowebmx.com\/nota\/wp-json\/wp\/v2\/posts\/28405\/revisions"}],"predecessor-version":[{"id":28407,"href":"https:\/\/radiowebmx.com\/nota\/wp-json\/wp\/v2\/posts\/28405\/revisions\/28407"}],"wp:featuredmedia":[{"embeddable":true,"href":"https:\/\/radiowebmx.com\/nota\/wp-json\/wp\/v2\/media\/28406"}],"wp:attachment":[{"href":"https:\/\/radiowebmx.com\/nota\/wp-json\/wp\/v2\/media?parent=28405"}],"wp:term":[{"taxonomy":"category","embeddable":true,"href":"https:\/\/radiowebmx.com\/nota\/wp-json\/wp\/v2\/categories?post=28405"},{"taxonomy":"post_tag","embeddable":true,"href":"https:\/\/radiowebmx.com\/nota\/wp-json\/wp\/v2\/tags?post=28405"}],"curies":[{"name":"wp","href":"https:\/\/api.w.org\/{rel}","templated":true}]}}