{"id":28398,"date":"2016-11-30T13:39:24","date_gmt":"2016-11-30T19:39:24","guid":{"rendered":"https:\/\/radiowebmx.com\/nota\/?p=28398"},"modified":"2016-11-30T13:39:24","modified_gmt":"2016-11-30T19:39:24","slug":"morelia-ciudad-que-genera-obras-incluyentes","status":"publish","type":"post","link":"https:\/\/radiowebmx.com\/nota\/morelia-ciudad-que-genera-obras-incluyentes\/","title":{"rendered":"Morelia, ciudad que genera obras incluyentes"},"content":{"rendered":"<p><img loading=\"lazy\" decoding=\"async\" src=\"https:\/\/radiowebmx.com\/nota\/wp-content\/uploads\/2016\/11\/fc9176d1-7f86-4b46-b9f7-0937185f8178.jpeg\" alt=\"fc9176d1-7f86-4b46-b9f7-0937185f8178\" width=\"709\" height=\"399\" class=\"alignleft size-full wp-image-28399\" srcset=\"https:\/\/radiowebmx.com\/nota\/wp-content\/uploads\/2016\/11\/fc9176d1-7f86-4b46-b9f7-0937185f8178.jpeg 709w, https:\/\/radiowebmx.com\/nota\/wp-content\/uploads\/2016\/11\/fc9176d1-7f86-4b46-b9f7-0937185f8178-300x169.jpeg 300w, https:\/\/radiowebmx.com\/nota\/wp-content\/uploads\/2016\/11\/fc9176d1-7f86-4b46-b9f7-0937185f8178-642x362.jpeg 642w, https:\/\/radiowebmx.com\/nota\/wp-content\/uploads\/2016\/11\/fc9176d1-7f86-4b46-b9f7-0937185f8178-128x72.jpeg 128w\" sizes=\"auto, (max-width: 709px) 100vw, 709px\" \/><\/p>\n<p><img loading=\"lazy\" decoding=\"async\" src=\"https:\/\/radiowebmx.com\/nota\/wp-content\/uploads\/2016\/11\/35d72f3c-7663-477b-a2bb-7428244708aa.jpeg\" alt=\"35d72f3c-7663-477b-a2bb-7428244708aa\" width=\"709\" height=\"531\" class=\"alignleft size-full wp-image-28400\" srcset=\"https:\/\/radiowebmx.com\/nota\/wp-content\/uploads\/2016\/11\/35d72f3c-7663-477b-a2bb-7428244708aa.jpeg 709w, https:\/\/radiowebmx.com\/nota\/wp-content\/uploads\/2016\/11\/35d72f3c-7663-477b-a2bb-7428244708aa-300x225.jpeg 300w\" sizes=\"auto, (max-width: 709px) 100vw, 709px\" \/><\/p>\n<p>En aras de que Morelia sea un municipio incluyente en el que todos puedan transitar de una manera libre y segura, el Ayuntamiento que encabeza el Presidente, Alfonso Mart\u00ednez Alc\u00e1zar, a trav\u00e9s de la Secretar\u00eda de Desarrollo Metropolitano e Infraestructura trabaja para rehabilitar y habilitar rampas para personas con discapacidad en calles de la capital del estado.<\/p>\n<p>El titular de esta instancia municipal, Juan Fernando Sosa Tapia mencion\u00f3 que durante la primera etapa del programa de Mantenimiento Vial se trabajaron en m\u00e1s de 82 rampas en las calles en donde se realizaron trabajos de reencarpetamiento, por lo que cada uno de los espacios trabajados contar\u00e1 con la suficiencia para que todos puedan transitar por las calles.<\/p>\n<p>Indic\u00f3 que durante la segunda fase de las tareas de reencarpetamiento tambi\u00e9n se contempl\u00f3 la rehabilitaci\u00f3n y creaci\u00f3n de rampas en zonas como Artilleros del 47.<\/p>\n<p>Cabe mencionar que en el mes de julio el municipio a trav\u00e9s de esta Secretar\u00eda y del DIF Municipal arranc\u00f3 con el \u201cPrograma de Rampas para Personas con Discapacidad\u201d, el cual comenz\u00f3 en el Primer Cuadro de la ciudad y en el que tambi\u00e9n se incluy\u00f3 la nomenclatura de las calles en sistema Braille para personas con discapacidad.<\/p>\n<p>\u201cEl objetivo es consolidarnos como un Morelia Incluyente tal y como lo ha pedido el Alcalde, Alfonso Mart\u00ednez, aplicando pol\u00edticas transversales en todo el Gobierno a favor de las personas con discapacidad\u201d, subray\u00f3.<\/p>\n<p>Sosa Tapia, asegur\u00f3 que con estas acciones el Gobierno Municipal refrenda su compromiso para continuar trabajando en beneficio de todos los morelianos y de todos los sectores de la sociedad, por lo que continuaran con esta labor de manera permanente dentro del Programa de Mantenimiento Vial.<\/p>\n<p>Indic\u00f3 que durante la segunda fase de las tareas de reencarpetamiento tambi\u00e9n se contempl\u00f3 la rehabilitaci\u00f3n y creaci\u00f3n de rampas en zonas como Artilleros del 47.<\/p>\n","protected":false},"excerpt":{"rendered":"<p>En aras de que Morelia sea un municipio incluyente en el que todos puedan transitar de una manera libre y segura, el Ayuntamiento que encabeza el Presidente, Alfonso Mart\u00ednez Alc\u00e1zar, a trav\u00e9s de la Secretar\u00eda de Desarrollo Metropolitano e Infraestructura trabaja para rehabilitar y habilitar rampas para personas con discapacidad en calles de la capital del estado.<\/p>\n","protected":false},"author":1,"featured_media":28399,"comment_status":"open","ping_status":"open","sticky":false,"template":"","format":"standard","meta":{"footnotes":""},"categories":[14,9],"tags":[],"class_list":["post-28398","post","type-post","status-publish","format-standard","has-post-thumbnail","hentry","category-destacadas","category-morelia"],"_links":{"self":[{"href":"https:\/\/radiowebmx.com\/nota\/wp-json\/wp\/v2\/posts\/28398","targetHints":{"allow":["GET"]}}],"collection":[{"href":"https:\/\/radiowebmx.com\/nota\/wp-json\/wp\/v2\/posts"}],"about":[{"href":"https:\/\/radiowebmx.com\/nota\/wp-json\/wp\/v2\/types\/post"}],"author":[{"embeddable":true,"href":"https:\/\/radiowebmx.com\/nota\/wp-json\/wp\/v2\/users\/1"}],"replies":[{"embeddable":true,"href":"https:\/\/radiowebmx.com\/nota\/wp-json\/wp\/v2\/comments?post=28398"}],"version-history":[{"count":1,"href":"https:\/\/radiowebmx.com\/nota\/wp-json\/wp\/v2\/posts\/28398\/revisions"}],"predecessor-version":[{"id":28401,"href":"https:\/\/radiowebmx.com\/nota\/wp-json\/wp\/v2\/posts\/28398\/revisions\/28401"}],"wp:featuredmedia":[{"embeddable":true,"href":"https:\/\/radiowebmx.com\/nota\/wp-json\/wp\/v2\/media\/28399"}],"wp:attachment":[{"href":"https:\/\/radiowebmx.com\/nota\/wp-json\/wp\/v2\/media?parent=28398"}],"wp:term":[{"taxonomy":"category","embeddable":true,"href":"https:\/\/radiowebmx.com\/nota\/wp-json\/wp\/v2\/categories?post=28398"},{"taxonomy":"post_tag","embeddable":true,"href":"https:\/\/radiowebmx.com\/nota\/wp-json\/wp\/v2\/tags?post=28398"}],"curies":[{"name":"wp","href":"https:\/\/api.w.org\/{rel}","templated":true}]}}