{"id":2839,"date":"2013-06-06T15:50:21","date_gmt":"2013-06-06T20:50:21","guid":{"rendered":"https:\/\/radiowebmx.com\/nota\/?p=2839"},"modified":"2013-06-06T15:50:21","modified_gmt":"2013-06-06T20:50:21","slug":"lista-la-kermes-del-dif-michoacan-para-el-16-de-junio","status":"publish","type":"post","link":"https:\/\/radiowebmx.com\/nota\/lista-la-kermes-del-dif-michoacan-para-el-16-de-junio\/","title":{"rendered":"LISTA LA KERM\u00c9S DEL DIF MICHOAC\u00c1N PARA EL 16 DE JUNIO"},"content":{"rendered":"<p><a href=\"https:\/\/radiowebmx.com\/nota\/wp-content\/uploads\/2013\/06\/DSC_6039.jpg\"><img loading=\"lazy\" decoding=\"async\" class=\"alignleft size-full wp-image-2840\" title=\"DSC_6039\" src=\"https:\/\/radiowebmx.com\/nota\/wp-content\/uploads\/2013\/06\/DSC_6039.jpg\" alt=\"\" width=\"591\" height=\"168\" \/><\/a>La directora del Sistema para el Desarrollo Integral de la Familia (DIF) Michoac\u00e1n, Nelly Sastr\u00e9 Gasca, encabez\u00f3 la reuni\u00f3n con las diversas dependencias del gobierno federal, estatal y municipal, as\u00ed como asociaciones y agrupaciones privadas, sobre los preparativos de la tradicional Kerm\u00e9s 2013, cuyos recursos ser\u00e1n destinados este a\u00f1o para el fortalecimiento de los programas sociales de la dependencia.<\/p>\n<p>En el marco del D\u00eda del Padre, se efectuar\u00e1 la 38 edici\u00f3n de la tradicional Kerm\u00e9s 2013, y se espera la participaci\u00f3n de los 113 municipios del estado con la finalidad de promover las riquezas gastron\u00f3micas y culturales de cada una de las regiones.<\/p>\n<p>La directora del DIF Michoac\u00e1n, acompa\u00f1ada del jefe de la oficina adjunta al despacho del gobernador, Guillermo Guzm\u00e1n Fuentes, extendi\u00f3 la invitaci\u00f3n para asistir al festejo que ser\u00e1 el pr\u00f3ximo 16 de junio en las instalaciones del Parque Zool\u00f3gico Benito Ju\u00e1rez, a partir de las 9:00 horas y hasta las 18:00 horas.<\/p>\n<p>En este sentido, cabe mencionar que con eventos como la Kerm\u00e9s se promueve tambi\u00e9n la preservaci\u00f3n de tradiciones mexicanas que favorecen la convivencia familiar entre los michoacanos e incluso los visitantes de estados aleda\u00f1os.<\/p>\n<p>La Kerm\u00e9s, dijo Nelly Sastr\u00e9 Gasca a los representantes de cada una de las instituciones y asociaciones que asistieron a la reuni\u00f3n de planeaci\u00f3n, se ha convertido en un importante escaparate cultural y educativo para los miles de asistentes que aprecian la buena m\u00fasica, los espect\u00e1culos art\u00edstico-culturales y la suculenta gastronom\u00eda michoacana.<\/p>\n<p>Incluso este a\u00f1o los municipios y las dependencias participantes de la administraci\u00f3n estatal, aseguraron que planean poner a la venta alimentos que en otras ediciones no se contaba con ellos, con la finalidad de innovar y atraer a m\u00e1s ciudadanos que cooperen con la causa social.<\/p>\n<p>De esta manera, se espera superar el monto recaudado en a\u00f1os anteriores con la asistencia y participaci\u00f3n de los michoacanos, quienes podr\u00e1n acudir en compa\u00f1\u00eda de sus familiares para disfrutar de los alimentos, los antojitos, las bebidas, las rifas, la t\u00f3mbola y las actividades recreativas en una convivencia amena y sana.<\/p>\n<p>&nbsp;<\/p>\n<p>&nbsp;<\/p>\n","protected":false},"excerpt":{"rendered":"<p>La directora del Sistema para el Desarrollo Integral de la Familia (DIF) Michoac\u00e1n, Nelly Sastr\u00e9 Gasca, encabez\u00f3 la reuni\u00f3n con las diversas dependencias del gobierno federal, estatal y municipal, as\u00ed como asociaciones y agrupaciones privadas, sobre los preparativos de la tradicional Kerm\u00e9s 2013, cuyos recursos ser\u00e1n destinados este a\u00f1o para el fortalecimiento de los programas sociales de la dependencia.<\/p>\n","protected":false},"author":1,"featured_media":0,"comment_status":"open","ping_status":"open","sticky":false,"template":"","format":"standard","meta":{"footnotes":""},"categories":[14,3],"tags":[],"class_list":["post-2839","post","type-post","status-publish","format-standard","hentry","category-destacadas","category-gobierno-del-estado-de-michoacan"],"_links":{"self":[{"href":"https:\/\/radiowebmx.com\/nota\/wp-json\/wp\/v2\/posts\/2839","targetHints":{"allow":["GET"]}}],"collection":[{"href":"https:\/\/radiowebmx.com\/nota\/wp-json\/wp\/v2\/posts"}],"about":[{"href":"https:\/\/radiowebmx.com\/nota\/wp-json\/wp\/v2\/types\/post"}],"author":[{"embeddable":true,"href":"https:\/\/radiowebmx.com\/nota\/wp-json\/wp\/v2\/users\/1"}],"replies":[{"embeddable":true,"href":"https:\/\/radiowebmx.com\/nota\/wp-json\/wp\/v2\/comments?post=2839"}],"version-history":[{"count":1,"href":"https:\/\/radiowebmx.com\/nota\/wp-json\/wp\/v2\/posts\/2839\/revisions"}],"predecessor-version":[{"id":2841,"href":"https:\/\/radiowebmx.com\/nota\/wp-json\/wp\/v2\/posts\/2839\/revisions\/2841"}],"wp:attachment":[{"href":"https:\/\/radiowebmx.com\/nota\/wp-json\/wp\/v2\/media?parent=2839"}],"wp:term":[{"taxonomy":"category","embeddable":true,"href":"https:\/\/radiowebmx.com\/nota\/wp-json\/wp\/v2\/categories?post=2839"},{"taxonomy":"post_tag","embeddable":true,"href":"https:\/\/radiowebmx.com\/nota\/wp-json\/wp\/v2\/tags?post=2839"}],"curies":[{"name":"wp","href":"https:\/\/api.w.org\/{rel}","templated":true}]}}