{"id":28378,"date":"2016-11-30T11:02:36","date_gmt":"2016-11-30T17:02:36","guid":{"rendered":"https:\/\/radiowebmx.com\/nota\/?p=28378"},"modified":"2016-11-30T11:02:36","modified_gmt":"2016-11-30T17:02:36","slug":"gobierno-municipal-informa-cortes-a-circulacion-por-reencapetamiento-al-sur-de-la-ciudad","status":"publish","type":"post","link":"https:\/\/radiowebmx.com\/nota\/gobierno-municipal-informa-cortes-a-circulacion-por-reencapetamiento-al-sur-de-la-ciudad\/","title":{"rendered":"Gobierno Municipal informa cortes a circulaci\u00f3n por reencapetamiento al Sur de la ciudad"},"content":{"rendered":"<p>El Gobierno Municipal, a trav\u00e9s de la Secretar\u00eda de Desarrollo Metropolitano e Infraestructura, anunci\u00f3 cortes a la circulaci\u00f3n para este mi\u00e9rcoles, 30 de noviembre, sobre la Avenida Morelos Sur, desde Av. Solidaridad a la calle Ticateme, desde las 6:00 a las 18:00 horas, por lo que pidi\u00f3 a la ciudadan\u00eda tomar v\u00edas alternas en tanto se desarrollan estas importantes obras que mejorar\u00e1n dicha vialidad.<\/p>\n<p>El cierre parcial a la vialidad tambi\u00e9n comprender\u00e1 la calle Virrey de Mendoza, en la cual iniciar\u00e1 el fresado y trabajo previo al tendido de carpeta asf\u00e1ltica a las 21:00 horas de este pr\u00f3ximo mi\u00e9rcoles.<\/p>\n<p>La Secretar\u00eda de Desarrollo Metropolitano e Infraestructura destac\u00f3 que estas acciones se ajustas a las actividades que realiza el Ayuntamiento de Morelia para ofrecer a la ciudadan\u00eda mejores vialidades y reducir el tiempo de traslado.<\/p>\n<p>Adem\u00e1s, se cumple con una de las principales instrucciones del Alcalde, Alfonso Mart\u00ednez Alc\u00e1zar, la cual consiste en atender a vialidades primarias y con mayor carga vehicular en beneficio de la movilidad ciudadana, as\u00ed como incluir en cada una de estas obras p\u00fablicas el tema de la inclusi\u00f3n al revisar y colocar rampas en apoyo al tr\u00e1nsito de las personas con discapacidad.<\/p>\n<p>Por tal motivo, la instancia municipal solicit\u00f3 la compresi\u00f3n de la ciudadan\u00eda y calcular previamente sus tiempos, para no sufrir retrasos en sus m\u00faltiples actividades,  en tanto concluyen los trabajos.<\/p>\n","protected":false},"excerpt":{"rendered":"<p>El Gobierno Municipal, a trav\u00e9s de la Secretar\u00eda de Desarrollo Metropolitano e Infraestructura, anunci\u00f3 cortes a la circulaci\u00f3n para este mi\u00e9rcoles, 30 de noviembre, sobre la Avenida Morelos Sur, desde Av. Solidaridad a la calle Ticateme, desde las 6:00 a las 18:00 horas, por lo que pidi\u00f3 a la ciudadan\u00eda tomar v\u00edas alternas en tanto se desarrollan estas importantes obras que mejorar\u00e1n dicha vialidad.<\/p>\n","protected":false},"author":1,"featured_media":28379,"comment_status":"open","ping_status":"open","sticky":false,"template":"","format":"standard","meta":{"footnotes":""},"categories":[14,9],"tags":[],"class_list":["post-28378","post","type-post","status-publish","format-standard","has-post-thumbnail","hentry","category-destacadas","category-morelia"],"_links":{"self":[{"href":"https:\/\/radiowebmx.com\/nota\/wp-json\/wp\/v2\/posts\/28378","targetHints":{"allow":["GET"]}}],"collection":[{"href":"https:\/\/radiowebmx.com\/nota\/wp-json\/wp\/v2\/posts"}],"about":[{"href":"https:\/\/radiowebmx.com\/nota\/wp-json\/wp\/v2\/types\/post"}],"author":[{"embeddable":true,"href":"https:\/\/radiowebmx.com\/nota\/wp-json\/wp\/v2\/users\/1"}],"replies":[{"embeddable":true,"href":"https:\/\/radiowebmx.com\/nota\/wp-json\/wp\/v2\/comments?post=28378"}],"version-history":[{"count":1,"href":"https:\/\/radiowebmx.com\/nota\/wp-json\/wp\/v2\/posts\/28378\/revisions"}],"predecessor-version":[{"id":28380,"href":"https:\/\/radiowebmx.com\/nota\/wp-json\/wp\/v2\/posts\/28378\/revisions\/28380"}],"wp:featuredmedia":[{"embeddable":true,"href":"https:\/\/radiowebmx.com\/nota\/wp-json\/wp\/v2\/media\/28379"}],"wp:attachment":[{"href":"https:\/\/radiowebmx.com\/nota\/wp-json\/wp\/v2\/media?parent=28378"}],"wp:term":[{"taxonomy":"category","embeddable":true,"href":"https:\/\/radiowebmx.com\/nota\/wp-json\/wp\/v2\/categories?post=28378"},{"taxonomy":"post_tag","embeddable":true,"href":"https:\/\/radiowebmx.com\/nota\/wp-json\/wp\/v2\/tags?post=28378"}],"curies":[{"name":"wp","href":"https:\/\/api.w.org\/{rel}","templated":true}]}}