{"id":28359,"date":"2016-11-29T14:37:53","date_gmt":"2016-11-29T20:37:53","guid":{"rendered":"https:\/\/radiowebmx.com\/nota\/?p=28359"},"modified":"2016-11-29T14:37:53","modified_gmt":"2016-11-29T20:37:53","slug":"comision-de-puntos-constitucionales-aprueba-dictamen-para-adherirse-a-la-reforma-laboral-federal","status":"publish","type":"post","link":"https:\/\/radiowebmx.com\/nota\/comision-de-puntos-constitucionales-aprueba-dictamen-para-adherirse-a-la-reforma-laboral-federal\/","title":{"rendered":"Comisi\u00f3n de Puntos Constitucionales aprueba dictamen para adherirse a la reforma laboral federal"},"content":{"rendered":"<p><img loading=\"lazy\" decoding=\"async\" src=\"https:\/\/radiowebmx.com\/nota\/wp-content\/uploads\/2016\/11\/thumbnail_Comunicado-1575-4.jpg\" alt=\"thumbnail_comunicado-1575-4\" width=\"709\" height=\"411\" class=\"alignleft size-full wp-image-28360\" srcset=\"https:\/\/radiowebmx.com\/nota\/wp-content\/uploads\/2016\/11\/thumbnail_Comunicado-1575-4.jpg 709w, https:\/\/radiowebmx.com\/nota\/wp-content\/uploads\/2016\/11\/thumbnail_Comunicado-1575-4-300x174.jpg 300w\" sizes=\"auto, (max-width: 709px) 100vw, 709px\" \/><\/p>\n<p>Morelia; Michoac\u00e1n, 29 de noviembre de 2016.-  Los integrantes de la Comisi\u00f3n de Puntos Constitucionales de la LXXVIII Legislatura aprobaron turnar al Pleno la solicitud para modificar y adicionar los art\u00edculos 107 y 123 de la Constituci\u00f3n Pol\u00edtica de los Estados Unidos Mexicanos, y adherirse a la reforma en materia de Justicia Laboral.<\/p>\n<p>Manifestaron que esta reforma permitir\u00e1 modificar de fondo el derecho procesal del trabajo a favor de replantear la funci\u00f3n conciliadora, volvi\u00e9ndola una instancia prejudicial, y dejar a un procedimiento judicial objetivo, imparcial y especializado la resoluci\u00f3n de los conflictos, lo que permitir\u00e1 mayor objetividad e imparcialidad en la tramitaci\u00f3n y resoluci\u00f3n de conflictos laborales.<\/p>\n<p>Los legisladores se\u00f1alaron que tambi\u00e9n se busca propiciar una justicia m\u00e1s \u00e1gil, econ\u00f3mica y con mayor certeza jur\u00eddica, basada en un modelo de conciliaci\u00f3n hacia el fondo del conflicto y no solo como tr\u00e1mite dilatorio de los mismos.<\/p>\n<p>Consideraron que la estructura del Poder Judicial de la Federaci\u00f3n y de las Entidades Federativas est\u00e1 fortalecida, alcanzado una consolidaci\u00f3n y fortalecimiento que permite que la impartici\u00f3n de justicia sea apegada a los criterios legales y constitucionales, lo que permite transitar de una justicia basada en la representaci\u00f3n directa de las partes involucradas en el conflicto a una neutral e imparcial.<\/p>\n<p>En este sentido, expusieron que se propone prescindir de la figura del arbitraje en los conflictos laborales, pues se aprecia del proyecto de reforma que la fase de conciliaci\u00f3n permanecer\u00e1, ahora depositada en centros aut\u00f3nomos, para en caso de agotada \u00e9sta, se proceda a iniciar un procedimiento jurisdiccional para resolver los conflictos laborales, por un Tribunal especializado en justicia laboral.<\/p>\n","protected":false},"excerpt":{"rendered":"<p>Los integrantes de la Comisi\u00f3n de Puntos Constitucionales de la LXXVIII Legislatura aprobaron turnar al Pleno la solicitud para modificar y adicionar los art\u00edculos 107 y 123 de la Constituci\u00f3n Pol\u00edtica de los Estados Unidos Mexicanos, y adherirse a la reforma en materia de Justicia Laboral.<\/p>\n","protected":false},"author":1,"featured_media":28360,"comment_status":"open","ping_status":"open","sticky":false,"template":"","format":"standard","meta":{"footnotes":""},"categories":[6,14],"tags":[],"class_list":["post-28359","post","type-post","status-publish","format-standard","has-post-thumbnail","hentry","category-congreso-del-estado","category-destacadas"],"_links":{"self":[{"href":"https:\/\/radiowebmx.com\/nota\/wp-json\/wp\/v2\/posts\/28359","targetHints":{"allow":["GET"]}}],"collection":[{"href":"https:\/\/radiowebmx.com\/nota\/wp-json\/wp\/v2\/posts"}],"about":[{"href":"https:\/\/radiowebmx.com\/nota\/wp-json\/wp\/v2\/types\/post"}],"author":[{"embeddable":true,"href":"https:\/\/radiowebmx.com\/nota\/wp-json\/wp\/v2\/users\/1"}],"replies":[{"embeddable":true,"href":"https:\/\/radiowebmx.com\/nota\/wp-json\/wp\/v2\/comments?post=28359"}],"version-history":[{"count":1,"href":"https:\/\/radiowebmx.com\/nota\/wp-json\/wp\/v2\/posts\/28359\/revisions"}],"predecessor-version":[{"id":28361,"href":"https:\/\/radiowebmx.com\/nota\/wp-json\/wp\/v2\/posts\/28359\/revisions\/28361"}],"wp:featuredmedia":[{"embeddable":true,"href":"https:\/\/radiowebmx.com\/nota\/wp-json\/wp\/v2\/media\/28360"}],"wp:attachment":[{"href":"https:\/\/radiowebmx.com\/nota\/wp-json\/wp\/v2\/media?parent=28359"}],"wp:term":[{"taxonomy":"category","embeddable":true,"href":"https:\/\/radiowebmx.com\/nota\/wp-json\/wp\/v2\/categories?post=28359"},{"taxonomy":"post_tag","embeddable":true,"href":"https:\/\/radiowebmx.com\/nota\/wp-json\/wp\/v2\/tags?post=28359"}],"curies":[{"name":"wp","href":"https:\/\/api.w.org\/{rel}","templated":true}]}}