{"id":28356,"date":"2016-11-29T14:34:44","date_gmt":"2016-11-29T20:34:44","guid":{"rendered":"https:\/\/radiowebmx.com\/nota\/?p=28356"},"modified":"2016-11-29T14:34:44","modified_gmt":"2016-11-29T20:34:44","slug":"gobierno-y-municipios-deben-establecer-politica-transversal-para-promocion-de-ley-de-la-cultura-de-la-paz-wilfrido-lazaro","status":"publish","type":"post","link":"https:\/\/radiowebmx.com\/nota\/gobierno-y-municipios-deben-establecer-politica-transversal-para-promocion-de-ley-de-la-cultura-de-la-paz-wilfrido-lazaro\/","title":{"rendered":"Gobierno y municipios deben establecer pol\u00edtica transversal para promoci\u00f3n de Ley de la Cultura de la Paz: Wilfrido L\u00e1zaro"},"content":{"rendered":"<p><img loading=\"lazy\" decoding=\"async\" src=\"https:\/\/radiowebmx.com\/nota\/wp-content\/uploads\/2016\/11\/Comunicado-1577.jpg\" alt=\"comunicado-1577\" width=\"709\" height=\"1127\" class=\"alignleft size-full wp-image-28357\" srcset=\"https:\/\/radiowebmx.com\/nota\/wp-content\/uploads\/2016\/11\/Comunicado-1577.jpg 709w, https:\/\/radiowebmx.com\/nota\/wp-content\/uploads\/2016\/11\/Comunicado-1577-189x300.jpg 189w, https:\/\/radiowebmx.com\/nota\/wp-content\/uploads\/2016\/11\/Comunicado-1577-644x1024.jpg 644w\" sizes=\"auto, (max-width: 709px) 100vw, 709px\" \/><\/p>\n<p>Morelia; Michoac\u00e1n, 29 de noviembre de 2016.-  Gobierno del Estado y municipios, deben generar una pol\u00edtica transversal para establecer acciones a favor de la cultura de la paz, afirm\u00f3 el diputado  presidente de la comisi\u00f3n de Seguridad y Protecci\u00f3n Civil en el Congreso del Estado, Wilfrido L\u00e1zaro Medina, al afirmar que se trabajar\u00e1 en la 73 Legislatura para etiquetar recursos que garanticen que la Ley para una Cultura de la Paz y Prevenci\u00f3n de la Violencia, tenga una aplicaci\u00f3n eficaz  a partir del 1 de enero del 2017.<\/p>\n<p>La Ley que impuls\u00f3 y present\u00f3 ante el pleno del Congreso del Estado, dijo debe acompa\u00f1arse de una campa\u00f1a de informaci\u00f3n y conocimiento de la normatividad, en dependencias estatales, centros educativos y la sociedad, esto al exponer que este proceso de aplicaci\u00f3n de la norma se debe acompa\u00f1ar del rescate de los espacios p\u00fablicos, que son una herramienta fundamental para prevenir y combatir la delincuencia entre los j\u00f3venes, ya que datos de las \u00e1reas de seguridad revelan que de los 15 mil delitos del orden patrimonial denunciados en el 2015, al menos un 85% fueron cometidos por menores de 25 a\u00f1os.<\/p>\n<p>El diputado local quien tambi\u00e9n es integrante de la comisi\u00f3n de Juventud y Deportes, refiri\u00f3 que a nivel nacional se trabaja el programa  de rescate de los espacios p\u00fablicos, sin embargo se requiere desde el estado, coadyuvar con la generaci\u00f3n de pol\u00edticas p\u00fablicas encaminadas a darle seguimiento a este programa que en su momento ha resultado fundamental para que las j\u00f3venes cuentan con espacios para un sano desarrollo integral.<\/p>\n<p>El diputado local  manifest\u00f3 que la Ley para una Cultura de la Paz y Prevenci\u00f3n de la Violencia, tiene como prop\u00f3sito principal establecer mecanismos de acci\u00f3n preventivos encaminados a fortalecer las acciones tendientes a fomentar la cultura de la legalidad y el respeto entre los ciudadanos, para prevenir los delitos.<\/p>\n<p>Si bien agreg\u00f3 que esta ley atender\u00e1 el problema de inseguridad y los factores que la generan desde la ra\u00edz, indic\u00f3 que se requiere desde las instituciones fortalecer las acciones destinadas al rescate de estos espacios en los 113 municipios del estado, ya que constituyen una posibilidad de desarrollo para los j\u00f3venes michoacanos.<\/p>\n<p>El diputado del PRI record\u00f3 que estos espacios adem\u00e1s de permitir la promoci\u00f3n de algunos deportes de manera gratuita, tambi\u00e9n son puntos de reuni\u00f3n en donde se pueden impartir talleres, as\u00ed como efectuar actividades para involucrar a todos los j\u00f3venes del estado.<\/p>\n<p>Wilfrido L\u00e1zaro Medina aprovech\u00f3 para hacer un llamado respetuoso al Gobierno Estatal y a los 113 ayuntamientos del estado, con el prop\u00f3sito de que establezcan acciones que permitan continuar con la pol\u00edtica federal que ha logrado el rescate de espacios p\u00fablicos, y agreg\u00f3 que desde el Congreso se har\u00e1 lo propio para contribuir  a que se cuenten con los recursos suficientes para generar pol\u00edticas p\u00fablicas destinadas al sector juvenil del estado y destinar los recursos necesarios para que le ley pueda cumplir con su prop\u00f3sito que es fomentar la cultura de la paz.<\/p>\n","protected":false},"excerpt":{"rendered":"<p>Gobierno del Estado y municipios, deben generar una pol\u00edtica transversal para establecer acciones a favor de la cultura de la paz, afirm\u00f3 el diputado  presidente de la comisi\u00f3n de Seguridad y Protecci\u00f3n Civil en el Congreso del Estado, Wilfrido L\u00e1zaro Medina<\/p>\n","protected":false},"author":1,"featured_media":28357,"comment_status":"open","ping_status":"open","sticky":false,"template":"","format":"standard","meta":{"footnotes":""},"categories":[6,14,7],"tags":[],"class_list":["post-28356","post","type-post","status-publish","format-standard","has-post-thumbnail","hentry","category-congreso-del-estado","category-destacadas","category-grupo-parlamentario-del-pri"],"_links":{"self":[{"href":"https:\/\/radiowebmx.com\/nota\/wp-json\/wp\/v2\/posts\/28356","targetHints":{"allow":["GET"]}}],"collection":[{"href":"https:\/\/radiowebmx.com\/nota\/wp-json\/wp\/v2\/posts"}],"about":[{"href":"https:\/\/radiowebmx.com\/nota\/wp-json\/wp\/v2\/types\/post"}],"author":[{"embeddable":true,"href":"https:\/\/radiowebmx.com\/nota\/wp-json\/wp\/v2\/users\/1"}],"replies":[{"embeddable":true,"href":"https:\/\/radiowebmx.com\/nota\/wp-json\/wp\/v2\/comments?post=28356"}],"version-history":[{"count":1,"href":"https:\/\/radiowebmx.com\/nota\/wp-json\/wp\/v2\/posts\/28356\/revisions"}],"predecessor-version":[{"id":28358,"href":"https:\/\/radiowebmx.com\/nota\/wp-json\/wp\/v2\/posts\/28356\/revisions\/28358"}],"wp:featuredmedia":[{"embeddable":true,"href":"https:\/\/radiowebmx.com\/nota\/wp-json\/wp\/v2\/media\/28357"}],"wp:attachment":[{"href":"https:\/\/radiowebmx.com\/nota\/wp-json\/wp\/v2\/media?parent=28356"}],"wp:term":[{"taxonomy":"category","embeddable":true,"href":"https:\/\/radiowebmx.com\/nota\/wp-json\/wp\/v2\/categories?post=28356"},{"taxonomy":"post_tag","embeddable":true,"href":"https:\/\/radiowebmx.com\/nota\/wp-json\/wp\/v2\/tags?post=28356"}],"curies":[{"name":"wp","href":"https:\/\/api.w.org\/{rel}","templated":true}]}}