{"id":28341,"date":"2016-11-29T14:00:57","date_gmt":"2016-11-29T20:00:57","guid":{"rendered":"https:\/\/radiowebmx.com\/nota\/?p=28341"},"modified":"2016-11-29T14:00:57","modified_gmt":"2016-11-29T20:00:57","slug":"encabeza-gobernador-supervision-de-la-base-de-operaciones-mixtas-de-zamora","status":"publish","type":"post","link":"https:\/\/radiowebmx.com\/nota\/encabeza-gobernador-supervision-de-la-base-de-operaciones-mixtas-de-zamora\/","title":{"rendered":"Encabeza Gobernador supervisi\u00f3n de la Base de Operaciones Mixtas de Zamora"},"content":{"rendered":"<p><img loading=\"lazy\" decoding=\"async\" src=\"https:\/\/radiowebmx.com\/nota\/wp-content\/uploads\/2016\/11\/41d0046f-8c91-41d1-9cfa-49509860dc38.jpeg\" alt=\"41d0046f-8c91-41d1-9cfa-49509860dc38\" width=\"709\" height=\"472\" class=\"alignleft size-full wp-image-28342\" srcset=\"https:\/\/radiowebmx.com\/nota\/wp-content\/uploads\/2016\/11\/41d0046f-8c91-41d1-9cfa-49509860dc38.jpeg 709w, https:\/\/radiowebmx.com\/nota\/wp-content\/uploads\/2016\/11\/41d0046f-8c91-41d1-9cfa-49509860dc38-300x200.jpeg 300w\" sizes=\"auto, (max-width: 709px) 100vw, 709px\" \/><\/p>\n<p><img loading=\"lazy\" decoding=\"async\" src=\"https:\/\/radiowebmx.com\/nota\/wp-content\/uploads\/2016\/11\/35aea341-70a2-403f-a867-2d3427abbd6d.jpeg\" alt=\"35aea341-70a2-403f-a867-2d3427abbd6d\" width=\"709\" height=\"472\" class=\"alignleft size-full wp-image-28343\" srcset=\"https:\/\/radiowebmx.com\/nota\/wp-content\/uploads\/2016\/11\/35aea341-70a2-403f-a867-2d3427abbd6d.jpeg 709w, https:\/\/radiowebmx.com\/nota\/wp-content\/uploads\/2016\/11\/35aea341-70a2-403f-a867-2d3427abbd6d-300x200.jpeg 300w\" sizes=\"auto, (max-width: 709px) 100vw, 709px\" \/><\/p>\n<p>Zamora, Michoac\u00e1n, a 29 de noviembre de 2016.- En el marco de la supervisi\u00f3n de la Base de Operaciones Mixtas y junto a los integrantes del Grupo de Coordinaci\u00f3n Michoac\u00e1n (GCM), el Gobernador del Estado, Silvano Aureoles Conejo, encabez\u00f3 la reuni\u00f3n de la Mesa de Seguridad y Justicia de Zamora, para revisar los resultados de las acciones y acuerdos que se han implementado como parte de la estrategia del Gobierno de la Rep\u00fablica en los 50 municipios con mayor incidencia delictiva en el pa\u00eds.<\/p>\n<p>El mandatario estatal precis\u00f3 que Zamora es uno de los cuatro municipios michoacanos enlistados con alta incidencia delictiva, motivo por el cual, precis\u00f3 que debe darse puntual seguimiento a la estrategia a trav\u00e9s de las mesas de Inteligencia, Jur\u00eddica y de Comunicaci\u00f3n Social, mediante una estrecha y efectiva coordinaci\u00f3n de los tres niveles de gobierno.<\/p>\n<p>En el encuentro de trabajo, los encargados de las \u00e1reas de seguridad y de procuraci\u00f3n de justicia estatales y federales, dieron parte de los resultados de las acciones y operativos realizados a trav\u00e9s de la Base de Operaciones Mixtas, por lo que se acord\u00f3 fortalecer el trabajo de inteligencia, operativos de prevenci\u00f3n, as\u00ed como de percepci\u00f3n a trav\u00e9s de las \u00e1reas de comunicaci\u00f3n social, para cumplir las metas de brindar seguridad y tranquilidad a las y los habitantes de la regi\u00f3n.<\/p>\n<p>Minutos m\u00e1s tarde, el Gobernador Silvano Aureoles, los integrantes del Grupo de Coordinaci\u00f3n Michoac\u00e1n y el presidente municipal de Zamora, Jos\u00e9 Carlos Lugo God\u00ednez, presenciaron una breve demostraci\u00f3n del funcionamiento que ha tenido la Base de Operaciones Mixtas en el Valle de Zamora.<\/p>\n<p>Ah\u00ed, el mandatario estatal aprovech\u00f3 para ofrecer un mensaje de agradecimiento y reconocimiento a los elementos que conforman la BOM y que diariamente cumplen con valent\u00eda su labor de brindar protecci\u00f3n a las y los michoacanos.<\/p>\n<p>Tambi\u00e9n acudieron a esta reuni\u00f3n, el secretario de Gobierno, Adri\u00e1n L\u00f3pez Sol\u00eds; el general Jos\u00e9 Francisco Morales C\u00e1zares, comandante de la 21 Zona Militar; el general Cruz Isaac Mu\u00f1oz Navarro, comandante de la 43 Zona Militar; Bertha Paredes Gardu\u00f1o, delegada de la PGR; el secretario de Seguridad P\u00fablica, Juan Bernardo Corona Mart\u00ednez; el procurador general de justicia del estado, Jos\u00e9 Mart\u00edn Godoy Castro, el coordinador de la Polic\u00eda Federal en el estado, Israel Galv\u00e1n Jaime; el secretario particular del Gobernador, Miguel Alonso Olamendi; entre otros.<\/p>\n","protected":false},"excerpt":{"rendered":"<p>En el marco de la supervisi\u00f3n de la Base de Operaciones Mixtas y junto a los integrantes del Grupo de Coordinaci\u00f3n Michoac\u00e1n (GCM), el Gobernador del Estado, Silvano Aureoles Conejo, encabez\u00f3 la reuni\u00f3n de la Mesa de Seguridad y Justicia de Zamora<\/p>\n","protected":false},"author":1,"featured_media":28342,"comment_status":"open","ping_status":"open","sticky":false,"template":"","format":"standard","meta":{"footnotes":""},"categories":[14,3],"tags":[],"class_list":["post-28341","post","type-post","status-publish","format-standard","has-post-thumbnail","hentry","category-destacadas","category-gobierno-del-estado-de-michoacan"],"_links":{"self":[{"href":"https:\/\/radiowebmx.com\/nota\/wp-json\/wp\/v2\/posts\/28341","targetHints":{"allow":["GET"]}}],"collection":[{"href":"https:\/\/radiowebmx.com\/nota\/wp-json\/wp\/v2\/posts"}],"about":[{"href":"https:\/\/radiowebmx.com\/nota\/wp-json\/wp\/v2\/types\/post"}],"author":[{"embeddable":true,"href":"https:\/\/radiowebmx.com\/nota\/wp-json\/wp\/v2\/users\/1"}],"replies":[{"embeddable":true,"href":"https:\/\/radiowebmx.com\/nota\/wp-json\/wp\/v2\/comments?post=28341"}],"version-history":[{"count":1,"href":"https:\/\/radiowebmx.com\/nota\/wp-json\/wp\/v2\/posts\/28341\/revisions"}],"predecessor-version":[{"id":28344,"href":"https:\/\/radiowebmx.com\/nota\/wp-json\/wp\/v2\/posts\/28341\/revisions\/28344"}],"wp:featuredmedia":[{"embeddable":true,"href":"https:\/\/radiowebmx.com\/nota\/wp-json\/wp\/v2\/media\/28342"}],"wp:attachment":[{"href":"https:\/\/radiowebmx.com\/nota\/wp-json\/wp\/v2\/media?parent=28341"}],"wp:term":[{"taxonomy":"category","embeddable":true,"href":"https:\/\/radiowebmx.com\/nota\/wp-json\/wp\/v2\/categories?post=28341"},{"taxonomy":"post_tag","embeddable":true,"href":"https:\/\/radiowebmx.com\/nota\/wp-json\/wp\/v2\/tags?post=28341"}],"curies":[{"name":"wp","href":"https:\/\/api.w.org\/{rel}","templated":true}]}}