{"id":28338,"date":"2016-11-29T13:54:26","date_gmt":"2016-11-29T19:54:26","guid":{"rendered":"https:\/\/radiowebmx.com\/nota\/?p=28338"},"modified":"2016-11-29T13:54:43","modified_gmt":"2016-11-29T19:54:43","slug":"en-morelia-el-fomento-de-la-cultura-de-la-discapacidad-no-es-una-simulacion-alfonso-martinez","status":"publish","type":"post","link":"https:\/\/radiowebmx.com\/nota\/en-morelia-el-fomento-de-la-cultura-de-la-discapacidad-no-es-una-simulacion-alfonso-martinez\/","title":{"rendered":"En Morelia, el fomento de la cultura de la discapacidad no es una simulaci\u00f3n: Alfonso Mart\u00ednez"},"content":{"rendered":"<p><img loading=\"lazy\" decoding=\"async\" src=\"https:\/\/radiowebmx.com\/nota\/wp-content\/uploads\/2016\/11\/4a3ba807-1382-4309-8517-92c49f312570.jpg\" alt=\"4a3ba807-1382-4309-8517-92c49f312570\" width=\"709\" height=\"472\" class=\"alignleft size-full wp-image-28339\" srcset=\"https:\/\/radiowebmx.com\/nota\/wp-content\/uploads\/2016\/11\/4a3ba807-1382-4309-8517-92c49f312570.jpg 709w, https:\/\/radiowebmx.com\/nota\/wp-content\/uploads\/2016\/11\/4a3ba807-1382-4309-8517-92c49f312570-300x200.jpg 300w\" sizes=\"auto, (max-width: 709px) 100vw, 709px\" \/><\/p>\n<p>Este Gobierno Municipal ratifica su compromiso con el fomento a la cultura de la discapacidad, no como una simulaci\u00f3n, sino como un eje transversal en cada una de las \u00e1reas de la Administraci\u00f3n, afirm\u00f3 el Alcalde, Alfonso Mart\u00ednez Alc\u00e1zar, durante la entrega de constancias de acreditaci\u00f3n de Diplomado en Cultura de la Discapacidad. <\/p>\n<p>Acompa\u00f1ado de la Presidenta Honoraria del DIF de Morelia, Paola Delgadillo de Mart\u00ednez; la Encargada de Despacho de la Direcci\u00f3n del DIF Municipal, Melissa V\u00e1squez P\u00e9rez; el S\u00edndico Municipal, Fabio Sistos Rangel; el Secretario del Ayuntamiento, Jes\u00fas \u00c1valos Plata; el Jefe de Oficina del Presidente Municipal, Jaime Morelos Su\u00e1rez; as\u00ed como del Maestro en Desarrollo Humano, Juan Medina Salgado, el Presidente Municipal destac\u00f3 su inter\u00e9s por lograr una Morelia incluyente en todos los sentidos.<\/p>\n<p>\u201cTenemos que ser incluyentes y ver el c\u00f3mo si, por eso este Gobierno no s\u00f3lo est\u00e1 comprometido con que cada obra que se haga tenga el ingrediente de la cultura de la discapacidad de manera transversal en todas las \u00e1reas, tambi\u00e9n estamos comprometidos en que cada una de las instancias cuente con personas sensibles\u201d, subray\u00f3.<\/p>\n<p>En este sentido, el Jefe de la Comuna capitalina, hizo hincapi\u00e9 en que esta Administraci\u00f3n ha visto de manera solidaria y m\u00e1s humana este tema, no como una simulaci\u00f3n, sino de manera real, muestra de ello, a\u00f1adi\u00f3, es que  las obras de reencarpetamiento que se realizan cuentan tambi\u00e9n con rampas para personas con discapacidad, \u201cestamos actualizando nuestra ciudad con una mejor cultura en la materia\u201d. <\/p>\n<p>Asimismo, destac\u00f3 que a trav\u00e9s de estos talleres vivenciales los funcionarios municipales tuvieron la oportunidad de vivir, interiorizar y darse cuenta de la realidad que viven todos los d\u00edas las personas que tienen alguna discapacidad, por eso los invit\u00f3 a ser m\u00e1s sensibles y solidarios con la ciudadan\u00eda.<\/p>\n<p>Al hacer uso de la voz, la Presidenta Honoraria del DIF Municipal, Paola Delgadillo, asegur\u00f3 que no basta con entregar sillas de ruda o aparatos auditivos, si el resto de los ciudadanos no est\u00e1n conscientes de la diversidad que existe; \u201cel verdadero desaf\u00edo es el de fomentar una verdadera cultura de la discapacidad para combatir la discriminaci\u00f3n y la exclusi\u00f3n que sufren muchos personas, va desde un gesto m\u00ednimo de respeto a los espacios reservados hasta el trato adecuado y digno a todas las personas con discapacidad\u201d, indic\u00f3.<\/p>\n<p>Tras recordar que al menos el 6 por ciento de la poblaci\u00f3n moreliana presenta alguna discapacidad, felicit\u00f3 a los 26 funcionarios p\u00fablicos que tomaron el diplomado, as\u00ed como a los m\u00e1s de mil trabajadores que cursaron el taller vivencial Viviendo y Conviviendo con la Discapacidad.<\/p>\n<p>En su oportunidad, Morelos Su\u00e1rez, reconoci\u00f3 la disposici\u00f3n del Alcalde Alfonso Mart\u00ednez, por concientizar a los integrantes de la Administraci\u00f3n, pues record\u00f3 que ninguna persona est\u00e1 exenta de sufrir alg\u00fan tipo de discapacidad a lo largo de su vida.<\/p>\n<p>Finalmente, el Maestro en Desarrollo Humano, Juan Medina, se congratul\u00f3 tambi\u00e9n por el inter\u00e9s del municipio de Morelia por emprender acciones orientadas a fortalecer la cultura de la inclusi\u00f3n, y el contar con un equipo capacitado en estos temas.<\/p>\n<p>Durante el evento, se hizo la entrega de 27 diplomas a funcionarios p\u00fablicos y 10 constancias a las dependencias municipales que acudieron al taller Viviendo y conviviendo con la Discapacidad. <\/p>\n","protected":false},"excerpt":{"rendered":"<p>Este Gobierno Municipal ratifica su compromiso con el fomento a la cultura de la discapacidad, no como una simulaci\u00f3n, sino como un eje transversal en cada una de las \u00e1reas de la Administraci\u00f3n, afirm\u00f3 el Alcalde, Alfonso Mart\u00ednez Alc\u00e1zar, durante la entrega de constancias de acreditaci\u00f3n de Diplomado en Cultura de la Discapacidad. <\/p>\n","protected":false},"author":1,"featured_media":28339,"comment_status":"open","ping_status":"open","sticky":false,"template":"","format":"standard","meta":{"footnotes":""},"categories":[14,9],"tags":[],"class_list":["post-28338","post","type-post","status-publish","format-standard","has-post-thumbnail","hentry","category-destacadas","category-morelia"],"_links":{"self":[{"href":"https:\/\/radiowebmx.com\/nota\/wp-json\/wp\/v2\/posts\/28338","targetHints":{"allow":["GET"]}}],"collection":[{"href":"https:\/\/radiowebmx.com\/nota\/wp-json\/wp\/v2\/posts"}],"about":[{"href":"https:\/\/radiowebmx.com\/nota\/wp-json\/wp\/v2\/types\/post"}],"author":[{"embeddable":true,"href":"https:\/\/radiowebmx.com\/nota\/wp-json\/wp\/v2\/users\/1"}],"replies":[{"embeddable":true,"href":"https:\/\/radiowebmx.com\/nota\/wp-json\/wp\/v2\/comments?post=28338"}],"version-history":[{"count":1,"href":"https:\/\/radiowebmx.com\/nota\/wp-json\/wp\/v2\/posts\/28338\/revisions"}],"predecessor-version":[{"id":28340,"href":"https:\/\/radiowebmx.com\/nota\/wp-json\/wp\/v2\/posts\/28338\/revisions\/28340"}],"wp:featuredmedia":[{"embeddable":true,"href":"https:\/\/radiowebmx.com\/nota\/wp-json\/wp\/v2\/media\/28339"}],"wp:attachment":[{"href":"https:\/\/radiowebmx.com\/nota\/wp-json\/wp\/v2\/media?parent=28338"}],"wp:term":[{"taxonomy":"category","embeddable":true,"href":"https:\/\/radiowebmx.com\/nota\/wp-json\/wp\/v2\/categories?post=28338"},{"taxonomy":"post_tag","embeddable":true,"href":"https:\/\/radiowebmx.com\/nota\/wp-json\/wp\/v2\/tags?post=28338"}],"curies":[{"name":"wp","href":"https:\/\/api.w.org\/{rel}","templated":true}]}}