{"id":28335,"date":"2016-11-29T13:09:52","date_gmt":"2016-11-29T19:09:52","guid":{"rendered":"https:\/\/radiowebmx.com\/nota\/?p=28335"},"modified":"2016-11-29T13:09:52","modified_gmt":"2016-11-29T19:09:52","slug":"seguridad-punto-clave-para-el-crecimiento-economico-en-michoacan-eduardo-garcia-chavira","status":"publish","type":"post","link":"https:\/\/radiowebmx.com\/nota\/seguridad-punto-clave-para-el-crecimiento-economico-en-michoacan-eduardo-garcia-chavira\/","title":{"rendered":"Seguridad, punto clave para el crecimiento econ\u00f3mico en Michoac\u00e1n: Eduardo Garc\u00eda Chavira"},"content":{"rendered":"<p><img loading=\"lazy\" decoding=\"async\" src=\"https:\/\/radiowebmx.com\/nota\/wp-content\/uploads\/2016\/11\/thumbnail_IMG_8919.jpg\" alt=\"thumbnail_img_8919\" width=\"709\" height=\"472\" class=\"alignleft size-full wp-image-28336\" srcset=\"https:\/\/radiowebmx.com\/nota\/wp-content\/uploads\/2016\/11\/thumbnail_IMG_8919.jpg 709w, https:\/\/radiowebmx.com\/nota\/wp-content\/uploads\/2016\/11\/thumbnail_IMG_8919-300x200.jpg 300w\" sizes=\"auto, (max-width: 709px) 100vw, 709px\" \/><\/p>\n<p>Con los retos econ\u00f3micos por enfrentar en 2017 es preciso que Michoac\u00e1n fortalezca su econom\u00eda, y para ello, la seguridad es un punto clave para el crecimiento de las empresas y la atracci\u00f3n de inversiones, se\u00f1al\u00f3 el diputado del PAN Eduardo Garc\u00eda Chavira, \u201cdonde la implementaci\u00f3n del Mando Mixto Policial ayudar\u00e1 en un esfuerzo conjunto y articulado a mejorar la seguridad en el estado empezando por los municipios\u201d.<\/p>\n<p>Lo anterior, luego de la Encuesta Nacional de Victimizaci\u00f3n de Empresas (ENVE) 2016 que arroja que la tasa de negocios v\u00edctimas de delitos, por cada 100 mil unidades econ\u00f3micas, aument\u00f3 en Michoac\u00e1n un 16.3 por ciento entre el 2013 y el 2015, al pasar de 3 mil 865 incidentes a 4 mil 495 actos delictivos contra empresas el a\u00f1o pasado.<\/p>\n<p>Asimismo, el estudio del Inegi revela que los delitos que m\u00e1s afectan a los negocios michoacanos son el fraude y el robo o asalto de mercanc\u00eda, dinero, insumos o bienes, con un costo promedio de 58 mil 756 pesos en cada uno de los atracos perpetrados.<\/p>\n<p>El legislador -que presentar\u00e1 una iniciativa en relaci\u00f3n al Mando Mixto- explic\u00f3 que este nuevo sistema podr\u00e1 generar una barrera mayor de protecci\u00f3n a la ciudadan\u00eda en general, con aspectos tales como la Polic\u00eda de proximidad, que ser\u00e1n cuerpos policiacos encargados de prevenir el delito, adelant\u00e1ndose un paso a la persecuci\u00f3n de il\u00edcitos, y que propicia un mejor ambiente para las familias michoacanas.<\/p>\n<p>Por \u00faltimo, consider\u00f3 fundamental el que no se excluya a los municipios en materia de seguridad como actualmente sucede con el Mando \u00danico, \u201cya que son los ayuntamientos los que tienen mayor responsabilidad constitucional por brindarle seguridad a sus habitantes, a la par de un mejor conocimiento del contexto y la problem\u00e1tica local\u201d.<\/p>\n","protected":false},"excerpt":{"rendered":"<p>Con los retos econ\u00f3micos por enfrentar en 2017 es preciso que Michoac\u00e1n fortalezca su econom\u00eda, y para ello, la seguridad es un punto clave para el crecimiento de las empresas y la atracci\u00f3n de inversiones, se\u00f1al\u00f3 el diputado del PAN Eduardo Garc\u00eda Chavira<\/p>\n","protected":false},"author":1,"featured_media":28336,"comment_status":"open","ping_status":"open","sticky":false,"template":"","format":"standard","meta":{"footnotes":""},"categories":[6,14,8],"tags":[],"class_list":["post-28335","post","type-post","status-publish","format-standard","has-post-thumbnail","hentry","category-congreso-del-estado","category-destacadas","category-grupo-parlamentario-del-pan"],"_links":{"self":[{"href":"https:\/\/radiowebmx.com\/nota\/wp-json\/wp\/v2\/posts\/28335","targetHints":{"allow":["GET"]}}],"collection":[{"href":"https:\/\/radiowebmx.com\/nota\/wp-json\/wp\/v2\/posts"}],"about":[{"href":"https:\/\/radiowebmx.com\/nota\/wp-json\/wp\/v2\/types\/post"}],"author":[{"embeddable":true,"href":"https:\/\/radiowebmx.com\/nota\/wp-json\/wp\/v2\/users\/1"}],"replies":[{"embeddable":true,"href":"https:\/\/radiowebmx.com\/nota\/wp-json\/wp\/v2\/comments?post=28335"}],"version-history":[{"count":1,"href":"https:\/\/radiowebmx.com\/nota\/wp-json\/wp\/v2\/posts\/28335\/revisions"}],"predecessor-version":[{"id":28337,"href":"https:\/\/radiowebmx.com\/nota\/wp-json\/wp\/v2\/posts\/28335\/revisions\/28337"}],"wp:featuredmedia":[{"embeddable":true,"href":"https:\/\/radiowebmx.com\/nota\/wp-json\/wp\/v2\/media\/28336"}],"wp:attachment":[{"href":"https:\/\/radiowebmx.com\/nota\/wp-json\/wp\/v2\/media?parent=28335"}],"wp:term":[{"taxonomy":"category","embeddable":true,"href":"https:\/\/radiowebmx.com\/nota\/wp-json\/wp\/v2\/categories?post=28335"},{"taxonomy":"post_tag","embeddable":true,"href":"https:\/\/radiowebmx.com\/nota\/wp-json\/wp\/v2\/tags?post=28335"}],"curies":[{"name":"wp","href":"https:\/\/api.w.org\/{rel}","templated":true}]}}