{"id":28326,"date":"2016-11-29T12:24:38","date_gmt":"2016-11-29T18:24:38","guid":{"rendered":"https:\/\/radiowebmx.com\/nota\/?p=28326"},"modified":"2016-11-29T12:26:07","modified_gmt":"2016-11-29T18:26:07","slug":"inaugura-liconsa-lecherias-en-querendaro-y-zitacuaro-suman-402-en-michoacan","status":"publish","type":"post","link":"https:\/\/radiowebmx.com\/nota\/inaugura-liconsa-lecherias-en-querendaro-y-zitacuaro-suman-402-en-michoacan\/","title":{"rendered":"Inaugura LICONSA lecher\u00edas en Quer\u00e9ndaro y Zit\u00e1cuaro; suman 402 en Michoac\u00e1n"},"content":{"rendered":"<p><img loading=\"lazy\" decoding=\"async\" src=\"https:\/\/radiowebmx.com\/nota\/wp-content\/uploads\/2016\/11\/apertura-lecherias.jpg\" alt=\"apertura-lecherias\" width=\"709\" height=\"531\" class=\"alignleft size-full wp-image-28328\" srcset=\"https:\/\/radiowebmx.com\/nota\/wp-content\/uploads\/2016\/11\/apertura-lecherias.jpg 709w, https:\/\/radiowebmx.com\/nota\/wp-content\/uploads\/2016\/11\/apertura-lecherias-300x225.jpg 300w\" sizes=\"auto, (max-width: 709px) 100vw, 709px\" \/><\/p>\n<p><img loading=\"lazy\" decoding=\"async\" src=\"https:\/\/radiowebmx.com\/nota\/wp-content\/uploads\/2016\/11\/6e464c82-4e55-4cde-8fca-177b2400138b.jpg\" alt=\"6e464c82-4e55-4cde-8fca-177b2400138b\" width=\"709\" height=\"531\" class=\"alignleft size-full wp-image-28327\" srcset=\"https:\/\/radiowebmx.com\/nota\/wp-content\/uploads\/2016\/11\/6e464c82-4e55-4cde-8fca-177b2400138b.jpg 709w, https:\/\/radiowebmx.com\/nota\/wp-content\/uploads\/2016\/11\/6e464c82-4e55-4cde-8fca-177b2400138b-300x225.jpg 300w\" sizes=\"auto, (max-width: 709px) 100vw, 709px\" \/><\/p>\n<p><strong>Morelia, Michoac\u00e1n a 28 de noviembre de 2016.- <\/strong>Continuando con el compromiso del Gobierno de la Rep\u00fablica que encabeza el Presidente de M\u00e9xico, Enrique Pe\u00f1a Nieto a trav\u00e9s de LICONSA, la ma\u00f1ana del lunes, el Gerente Estatal de LICONSA en Michoac\u00e1n, Ger\u00f3nimo Color Gasca inaugur\u00f3 2 nuevas lecher\u00edas en los municipios de Quer\u00e9ndaro y Zit\u00e1cuaro. <\/p>\n<p>El titular de LICONSA en Michoac\u00e1n indic\u00f3 que con estas acciones se materializa la instrucci\u00f3n del titular del Ejecutivo Federal, Lic. Enrique Pe\u00f1a Nieto de llevar a los michoacanos una alimentaci\u00f3n sana, variada y suficiente. <\/p>\n<p>Las inauguraciones de las lecher\u00edas se dieron en la comunidad de Pueblo Viejo, perteneciente al municipio de Quer\u00e9ndaro y la segunda se da en la tenencia de Zir\u00e1huato, perteneciente al municipio de Zit\u00e1cuaro, con estas nuevas aperturas suman ya las lecher\u00edas 402 en Michoac\u00e1n. <\/p>\n<p>En Quer\u00e9ndaro, Mar\u00eda de los \u00c1ngeles V\u00e1zquez Moreno, beneficiaria de los programas LICONSA en la regi\u00f3n, habl\u00f3 en representaci\u00f3n de todos los acreedores de los beneficios de LICONSA \u201cesperemos que esto persista y que no se venga abajo, que le echemos ganas para que se hagan m\u00e1s listas de beneficiarios y no dejemos que se nos vaya el apoyo. Hay que darle las gracias al Presidente Enrique Pe\u00f1a Nieto por el apoyo tan grande con el cual nos est\u00e1 beneficiando en el precio de la leche, la cual impulsa el desarrollo de ni\u00f1os y los ancianos\u201d. <\/p>\n<p>Hoy, Quer\u00e9ndaro cuenta con dos lecher\u00edas, una en la cabecera municipal y la otra inaugurada la ma\u00f1ana del lunes, en la comunidad de Pueblo Viejo, perteneciente al mencionado municipio, sumando en ellas un padr\u00f3n de 591 beneficiaros, mismos que reciben 3,856 litros de leche por mes, y un total de 46, 272 litros de litros de leche al a\u00f1o.<\/p>\n<p>En este evento, la diputada local del Distrito 12, Jeovana Mariela Alc\u00e1ntar Baca reconoci\u00f3 la ardua labor de Ger\u00f3nimo Color Gasca al frente de LICONSA, por su parte, el presidente municipal de Quer\u00e9ndaro, David Bedolla Mart\u00ednez agradeci\u00f3 el apoyo del Gobierno de la Rep\u00fablica del Presidente Enrique Pe\u00f1a Nieto para la regi\u00f3n y el municipio. <\/p>\n<p>El Gerente Estatal de LICONSA en Michoac\u00e1n, Ger\u00f3nimo Color Gasca refrend\u00f3 el compromiso del Presidente Enrique Pe\u00f1a Nieto de otorgar una alimentaci\u00f3n de calidad a los sectores m\u00e1s vulnerables del estado y del pa\u00eds. <\/p>\n<p>\u201cHoy queremos trabajar por la unidad de Michoac\u00e1n, la importancia es el beneficio de la gente, a m\u00ed me motiva trabajar por todos ustedes, nosotros queremos lo mejor para los michoacanos\u201d, se\u00f1al\u00f3 Ger\u00f3nimo Color Gasca. <\/p>\n<p>As\u00ed mismo, Mar\u00eda Castillo Octaviano, beneficiaria del Programa LICONSA en Zit\u00e1cuaro coment\u00f3 \u201cgracias a la leche LICONSA mi hijo menor de edad y mi madre mayor ya adulta mayor hoy gozan de los beneficios que la leche LICONSA les ofrece, la leche es de muy buena calidad y el costo tambi\u00e9n es muy bajo, agradecemos el apoyo del Gobierno de la Rep\u00fablica del Presidente Enrique Pe\u00f1a Nieto por esta gran oportunidad de tener en nuestros hogares un alimento de la m\u00e1s alta calidad\u201d. <\/p>\n<p>Al evento en Zit\u00e1cuaro acudieron el Presidente Municipal, Carlos Herrera Tello; el Diputado Federal, Juan Antonio Ixtl\u00e1huac Orihuela; la Diputada Local, Mary Carmen Bernal Mart\u00ednez, por mencionar a algunos. <\/p>\n<p>Actualmente, Zit\u00e1cuaro cuenta con 9 lecher\u00edas de las cuales 4 est\u00e1n en la cabecera municipal y 5 m\u00e1s en la zona rural de la regi\u00f3n. El padr\u00f3n de beneficiarios de la inaugurada en Zir\u00e1huato de los Bernal es de 322 familias y 605 beneficiarios. La producci\u00f3n mensual del l\u00e1cteo es de 9,680 lo que da un total de 116,160 litros de leche al a\u00f1o. <\/p>\n<p>Con estas acciones se refrenda el compromiso del Presidente de M\u00e9xico, Enrique Pe\u00f1a Nieto; del secretario de SEDESOL, Luis Enrique Miranda Nava y del Director General de LICONSA, H\u00e9ctor Pablo Ram\u00edrez Puga Leyva de elevar la calidad alimentaria de los Michoacanos. <\/p>\n<p>Finalmente, Ger\u00f3nimo Color Gasca cumple cabalmente con la instrucci\u00f3n de Luis Enrique Miranda Nava, secretario de SEDESOL por conformar las 20 nuevas lecher\u00edas que se comprometieron al cierre del 2016.<\/p>\n","protected":false},"excerpt":{"rendered":"<p>Continuando con el compromiso del Gobierno de la Rep\u00fablica que encabeza el Presidente de M\u00e9xico, Enrique Pe\u00f1a Nieto a trav\u00e9s de LICONSA, la ma\u00f1ana del lunes, el Gerente Estatal de LICONSA en Michoac\u00e1n, Ger\u00f3nimo Color Gasca inaugur\u00f3 2 nuevas lecher\u00edas en los municipios de Quer\u00e9ndaro y Zit\u00e1cuaro. <\/p>\n","protected":false},"author":1,"featured_media":28327,"comment_status":"open","ping_status":"open","sticky":false,"template":"","format":"standard","meta":{"footnotes":""},"categories":[14,3],"tags":[],"class_list":["post-28326","post","type-post","status-publish","format-standard","has-post-thumbnail","hentry","category-destacadas","category-gobierno-del-estado-de-michoacan"],"_links":{"self":[{"href":"https:\/\/radiowebmx.com\/nota\/wp-json\/wp\/v2\/posts\/28326","targetHints":{"allow":["GET"]}}],"collection":[{"href":"https:\/\/radiowebmx.com\/nota\/wp-json\/wp\/v2\/posts"}],"about":[{"href":"https:\/\/radiowebmx.com\/nota\/wp-json\/wp\/v2\/types\/post"}],"author":[{"embeddable":true,"href":"https:\/\/radiowebmx.com\/nota\/wp-json\/wp\/v2\/users\/1"}],"replies":[{"embeddable":true,"href":"https:\/\/radiowebmx.com\/nota\/wp-json\/wp\/v2\/comments?post=28326"}],"version-history":[{"count":2,"href":"https:\/\/radiowebmx.com\/nota\/wp-json\/wp\/v2\/posts\/28326\/revisions"}],"predecessor-version":[{"id":28331,"href":"https:\/\/radiowebmx.com\/nota\/wp-json\/wp\/v2\/posts\/28326\/revisions\/28331"}],"wp:featuredmedia":[{"embeddable":true,"href":"https:\/\/radiowebmx.com\/nota\/wp-json\/wp\/v2\/media\/28327"}],"wp:attachment":[{"href":"https:\/\/radiowebmx.com\/nota\/wp-json\/wp\/v2\/media?parent=28326"}],"wp:term":[{"taxonomy":"category","embeddable":true,"href":"https:\/\/radiowebmx.com\/nota\/wp-json\/wp\/v2\/categories?post=28326"},{"taxonomy":"post_tag","embeddable":true,"href":"https:\/\/radiowebmx.com\/nota\/wp-json\/wp\/v2\/tags?post=28326"}],"curies":[{"name":"wp","href":"https:\/\/api.w.org\/{rel}","templated":true}]}}