{"id":28322,"date":"2016-11-29T12:15:31","date_gmt":"2016-11-29T18:15:31","guid":{"rendered":"https:\/\/radiowebmx.com\/nota\/?p=28322"},"modified":"2016-11-29T12:15:31","modified_gmt":"2016-11-29T18:15:31","slug":"todo-un-exito-recorridos-nocturnos-en-el-panteon-municipal","status":"publish","type":"post","link":"https:\/\/radiowebmx.com\/nota\/todo-un-exito-recorridos-nocturnos-en-el-panteon-municipal\/","title":{"rendered":"Todo un \u00e9xito, recorridos nocturnos en el Pante\u00f3n Municipal"},"content":{"rendered":"<p><img loading=\"lazy\" decoding=\"async\" src=\"https:\/\/radiowebmx.com\/nota\/wp-content\/uploads\/2016\/11\/192377b7-41ea-4e1f-a44d-834c1e848b42.jpg\" alt=\"192377b7-41ea-4e1f-a44d-834c1e848b42\" width=\"709\" height=\"398\" class=\"alignleft size-full wp-image-28323\" srcset=\"https:\/\/radiowebmx.com\/nota\/wp-content\/uploads\/2016\/11\/192377b7-41ea-4e1f-a44d-834c1e848b42.jpg 709w, https:\/\/radiowebmx.com\/nota\/wp-content\/uploads\/2016\/11\/192377b7-41ea-4e1f-a44d-834c1e848b42-300x168.jpg 300w, https:\/\/radiowebmx.com\/nota\/wp-content\/uploads\/2016\/11\/192377b7-41ea-4e1f-a44d-834c1e848b42-284x158.jpg 284w, https:\/\/radiowebmx.com\/nota\/wp-content\/uploads\/2016\/11\/192377b7-41ea-4e1f-a44d-834c1e848b42-128x72.jpg 128w\" sizes=\"auto, (max-width: 709px) 100vw, 709px\" \/><\/p>\n<p><img loading=\"lazy\" decoding=\"async\" src=\"https:\/\/radiowebmx.com\/nota\/wp-content\/uploads\/2016\/11\/a1a342e0-2183-485c-9e75-d5c3d5598a7b.jpg\" alt=\"a1a342e0-2183-485c-9e75-d5c3d5598a7b\" width=\"709\" height=\"1064\" class=\"alignleft size-full wp-image-28324\" srcset=\"https:\/\/radiowebmx.com\/nota\/wp-content\/uploads\/2016\/11\/a1a342e0-2183-485c-9e75-d5c3d5598a7b.jpg 709w, https:\/\/radiowebmx.com\/nota\/wp-content\/uploads\/2016\/11\/a1a342e0-2183-485c-9e75-d5c3d5598a7b-200x300.jpg 200w, https:\/\/radiowebmx.com\/nota\/wp-content\/uploads\/2016\/11\/a1a342e0-2183-485c-9e75-d5c3d5598a7b-682x1024.jpg 682w\" sizes=\"auto, (max-width: 709px) 100vw, 709px\" \/><\/p>\n<p>Por vez primera, m\u00e1s de 800 morelianos y visitantes tuvieron la oportunidad de conocer el misticismo, la historia y el arte funerario que atesora el Pante\u00f3n Municipal, ello, a trav\u00e9s de los Recorridos Nocturnos gratuitos que ofreci\u00f3 el Ayuntamiento de Morelia, a trav\u00e9s de la Secretar\u00eda de Servicios P\u00fablicos, durante el mes de noviembre con motivo del D\u00eda de Muertos.<\/p>\n<p>El titular de esta dependencia, Jos\u00e9 Luis Gil V\u00e1zquez, refiri\u00f3 que tras el \u00e9xito obtenido en este programa, se contempla que en el mes de diciembre se abran nuevas fechas para que los ciudadanos puedan disfrutar de la caminata nocturna por el camposanto m\u00e1s antiguo de la capital michoacana.<\/p>\n<p>Precis\u00f3 que EN total fueron 840 las personas, tanto ni\u00f1os como adultos, que participaron en los recorridos que se llevaron a cabo los d\u00edas los s\u00e1bados 5, 12, 19 y 26 de noviembre de manera gratuita, y en los cuales los asistentes pudieron conocer lo que hay detr\u00e1s de la belleza arquitect\u00f3nica del cementerio.<\/p>\n<p>\u201cA trav\u00e9s de las visitas guiadas, los ciudadanos conocieron m\u00e1s acerca del legado hist\u00f3rico del pante\u00f3n, as\u00ed como de la arquitectura del mismo, el cual engloba un gran valor cultural, y eso precisamente es lo que queremos en este Gobierno Municipal, reforzar la identidad de los morelianos mediante este tipo de actividades\u201d, detall\u00f3 el funcionario municipal.<\/p>\n<p>Asimismo, destac\u00f3 que uno de los principales atractivos de propios y extra\u00f1os fue la Exposici\u00f3n de 6 cuerpos momificados, los cuales por primera vez se expusieron ante la ciudadan\u00eda, generando mayor misticismo, de ah\u00ed que ser\u00e1 una de las actividades que se reforzar\u00e1n.<\/p>\n<p>Finalmente, Gil V\u00e1zquez, destac\u00f3 el inter\u00e9s de esta Administraci\u00f3n encabezada por el Presidente Municipal, Alfonso Mart\u00ednez Alc\u00e1zar, de seguir apostando por la innovaci\u00f3n y el orden en los eventos que efect\u00faa el Ayuntamiento capitalino para el disfrute de las familias morelianas y turistas.<\/p>\n","protected":false},"excerpt":{"rendered":"<p>Por vez primera, m\u00e1s de 800 morelianos y visitantes tuvieron la oportunidad de conocer el misticismo, la historia y el arte funerario que atesora el Pante\u00f3n Municipal, ello, a trav\u00e9s de los Recorridos Nocturnos gratuitos que ofreci\u00f3 el Ayuntamiento de Morelia, a trav\u00e9s de la Secretar\u00eda de Servicios P\u00fablicos, durante el mes de noviembre con motivo del D\u00eda de Muertos.<\/p>\n","protected":false},"author":1,"featured_media":28323,"comment_status":"open","ping_status":"open","sticky":false,"template":"","format":"standard","meta":{"footnotes":""},"categories":[14,9],"tags":[],"class_list":["post-28322","post","type-post","status-publish","format-standard","has-post-thumbnail","hentry","category-destacadas","category-morelia"],"_links":{"self":[{"href":"https:\/\/radiowebmx.com\/nota\/wp-json\/wp\/v2\/posts\/28322","targetHints":{"allow":["GET"]}}],"collection":[{"href":"https:\/\/radiowebmx.com\/nota\/wp-json\/wp\/v2\/posts"}],"about":[{"href":"https:\/\/radiowebmx.com\/nota\/wp-json\/wp\/v2\/types\/post"}],"author":[{"embeddable":true,"href":"https:\/\/radiowebmx.com\/nota\/wp-json\/wp\/v2\/users\/1"}],"replies":[{"embeddable":true,"href":"https:\/\/radiowebmx.com\/nota\/wp-json\/wp\/v2\/comments?post=28322"}],"version-history":[{"count":1,"href":"https:\/\/radiowebmx.com\/nota\/wp-json\/wp\/v2\/posts\/28322\/revisions"}],"predecessor-version":[{"id":28325,"href":"https:\/\/radiowebmx.com\/nota\/wp-json\/wp\/v2\/posts\/28322\/revisions\/28325"}],"wp:featuredmedia":[{"embeddable":true,"href":"https:\/\/radiowebmx.com\/nota\/wp-json\/wp\/v2\/media\/28323"}],"wp:attachment":[{"href":"https:\/\/radiowebmx.com\/nota\/wp-json\/wp\/v2\/media?parent=28322"}],"wp:term":[{"taxonomy":"category","embeddable":true,"href":"https:\/\/radiowebmx.com\/nota\/wp-json\/wp\/v2\/categories?post=28322"},{"taxonomy":"post_tag","embeddable":true,"href":"https:\/\/radiowebmx.com\/nota\/wp-json\/wp\/v2\/tags?post=28322"}],"curies":[{"name":"wp","href":"https:\/\/api.w.org\/{rel}","templated":true}]}}