{"id":28315,"date":"2016-11-29T12:06:48","date_gmt":"2016-11-29T18:06:48","guid":{"rendered":"https:\/\/radiowebmx.com\/nota\/?p=28315"},"modified":"2016-11-29T12:06:48","modified_gmt":"2016-11-29T18:06:48","slug":"remodelan-y-equipan-el-plantel-morelia-ii-del-conalep","status":"publish","type":"post","link":"https:\/\/radiowebmx.com\/nota\/remodelan-y-equipan-el-plantel-morelia-ii-del-conalep\/","title":{"rendered":"Remodelan y equipan el plantel Morelia II del Conalep"},"content":{"rendered":"<p><img loading=\"lazy\" decoding=\"async\" src=\"https:\/\/radiowebmx.com\/nota\/wp-content\/uploads\/2016\/11\/706a5f00-1fae-4d24-b90a-bf871a76f3ef.jpg\" alt=\"706a5f00-1fae-4d24-b90a-bf871a76f3ef\" width=\"709\" height=\"472\" class=\"alignleft size-full wp-image-28316\" srcset=\"https:\/\/radiowebmx.com\/nota\/wp-content\/uploads\/2016\/11\/706a5f00-1fae-4d24-b90a-bf871a76f3ef.jpg 709w, https:\/\/radiowebmx.com\/nota\/wp-content\/uploads\/2016\/11\/706a5f00-1fae-4d24-b90a-bf871a76f3ef-300x200.jpg 300w\" sizes=\"auto, (max-width: 709px) 100vw, 709px\" \/><\/p>\n<p>Morelia, Michoac\u00e1n, a 29 de noviembre de 2016.- Con una inversi\u00f3n superior a los 290 mil pesos se realizaron obras de remodelaci\u00f3n y construcci\u00f3n en el plantel Morelia II del Colegio de Educaci\u00f3n Profesional T\u00e9cnica del Estado de Michoac\u00e1n.<\/p>\n<p>Entre las mejoras en infraestructura se encuentra la biblioteca del plantel, que fue dotada de mobiliario  y computadoras; asimismo, se habilit\u00f3 un centro de video-vigilancia, donde d\u00eda y noche se monitorean diversas \u00e1reas de la instituci\u00f3n y calles aleda\u00f1as, con la finalidad de brindar mayor seguridad a las y los alumnos.<\/p>\n<p>La directora del subsistema, Minerva Bautista G\u00f3mez, se\u00f1al\u00f3 que de manera paulatina se han atendido las necesidades  en materia de infraestructura y equipamiento de los 13 planteles que conforman el Conalep Michoac\u00e1n, \u201cpara lograr uno de los principales retos de la administraci\u00f3n del Gobernador del Estado Silvano Aureoles Conejo y contar con espacios educativos al cien\u201d. <\/p>\n<p>Por su parte, el titular de la Secretar\u00eda de Educaci\u00f3n en el Estado, Alberto Frutis Sol\u00eds, quien atestigu\u00f3 la inauguraci\u00f3n de las obras, reconoci\u00f3 el trabajo conjunto que han realizado directivos, personal docente y administrativo para consolidar al plantel Morelia II, que durante 30 a\u00f1os ha formado a miles de j\u00f3venes.<\/p>\n<p>\u201cMe es muy grato ver c\u00f3mo las instalaciones han sido remodeladas para mejorar el servicio educativo y administrativo, as\u00ed que cu\u00eddenlas y disfruten estos espacios y actividades acad\u00e9micas para que sean un sello caracter\u00edstico de este plantel\u201d, manifest\u00f3 el Secretario.<\/p>\n<p>Las obras realizadas en el Conalep plantel Morelia II beneficiar\u00e1n a m\u00e1s de mil 60 alumnos.<\/p>\n","protected":false},"excerpt":{"rendered":"<p>Con una inversi\u00f3n superior a los 290 mil pesos se realizaron obras de remodelaci\u00f3n y construcci\u00f3n en el plantel Morelia II del Colegio de Educaci\u00f3n Profesional T\u00e9cnica del Estado de Michoac\u00e1n.<\/p>\n","protected":false},"author":1,"featured_media":28316,"comment_status":"open","ping_status":"open","sticky":false,"template":"","format":"standard","meta":{"footnotes":""},"categories":[14,3],"tags":[],"class_list":["post-28315","post","type-post","status-publish","format-standard","has-post-thumbnail","hentry","category-destacadas","category-gobierno-del-estado-de-michoacan"],"_links":{"self":[{"href":"https:\/\/radiowebmx.com\/nota\/wp-json\/wp\/v2\/posts\/28315","targetHints":{"allow":["GET"]}}],"collection":[{"href":"https:\/\/radiowebmx.com\/nota\/wp-json\/wp\/v2\/posts"}],"about":[{"href":"https:\/\/radiowebmx.com\/nota\/wp-json\/wp\/v2\/types\/post"}],"author":[{"embeddable":true,"href":"https:\/\/radiowebmx.com\/nota\/wp-json\/wp\/v2\/users\/1"}],"replies":[{"embeddable":true,"href":"https:\/\/radiowebmx.com\/nota\/wp-json\/wp\/v2\/comments?post=28315"}],"version-history":[{"count":1,"href":"https:\/\/radiowebmx.com\/nota\/wp-json\/wp\/v2\/posts\/28315\/revisions"}],"predecessor-version":[{"id":28317,"href":"https:\/\/radiowebmx.com\/nota\/wp-json\/wp\/v2\/posts\/28315\/revisions\/28317"}],"wp:featuredmedia":[{"embeddable":true,"href":"https:\/\/radiowebmx.com\/nota\/wp-json\/wp\/v2\/media\/28316"}],"wp:attachment":[{"href":"https:\/\/radiowebmx.com\/nota\/wp-json\/wp\/v2\/media?parent=28315"}],"wp:term":[{"taxonomy":"category","embeddable":true,"href":"https:\/\/radiowebmx.com\/nota\/wp-json\/wp\/v2\/categories?post=28315"},{"taxonomy":"post_tag","embeddable":true,"href":"https:\/\/radiowebmx.com\/nota\/wp-json\/wp\/v2\/tags?post=28315"}],"curies":[{"name":"wp","href":"https:\/\/api.w.org\/{rel}","templated":true}]}}