{"id":28312,"date":"2016-11-29T12:03:33","date_gmt":"2016-11-29T18:03:33","guid":{"rendered":"https:\/\/radiowebmx.com\/nota\/?p=28312"},"modified":"2016-11-29T12:03:33","modified_gmt":"2016-11-29T18:03:33","slug":"secretaria-de-turismo-afina-los-ultimos-detalles-para-la-feria-del-molcajete","status":"publish","type":"post","link":"https:\/\/radiowebmx.com\/nota\/secretaria-de-turismo-afina-los-ultimos-detalles-para-la-feria-del-molcajete\/","title":{"rendered":"Secretar\u00eda de Turismo afina los \u00faltimos detalles para la Feria del Molcajete"},"content":{"rendered":"<p><img loading=\"lazy\" decoding=\"async\" src=\"https:\/\/radiowebmx.com\/nota\/wp-content\/uploads\/2016\/11\/2aace4cb-34cf-49ce-9a91-79674e41245d.jpeg\" alt=\"2aace4cb-34cf-49ce-9a91-79674e41245d\" width=\"709\" height=\"472\" class=\"alignleft size-full wp-image-28313\" srcset=\"https:\/\/radiowebmx.com\/nota\/wp-content\/uploads\/2016\/11\/2aace4cb-34cf-49ce-9a91-79674e41245d.jpeg 709w, https:\/\/radiowebmx.com\/nota\/wp-content\/uploads\/2016\/11\/2aace4cb-34cf-49ce-9a91-79674e41245d-300x200.jpeg 300w\" sizes=\"auto, (max-width: 709px) 100vw, 709px\" \/><\/p>\n<p>Con el prop\u00f3sito de impulsar la econom\u00eda local en la Tenencia de San Nicol\u00e1s Obispo, el Ayuntamiento de Morelia a trav\u00e9s de la Secretar\u00eda de Turismo Municipal, alista ya los \u00faltimos preparativos para la segunda Feria del Molcajete, que se llevar\u00e1 a cabo del 16 al 18 de diciembre de este a\u00f1o.<\/p>\n<p>Ser\u00e1n 24 los artesanos que participar\u00e1n ofertando sus productos en la Feria y alrededor de 100 familias artesanas las beneficiadas, adem\u00e1s se contar\u00e1 con la participaci\u00f3n de 10 cocineras que estar\u00e1n ofreciendo comida t\u00edpica de la regi\u00f3n.<\/p>\n<p>Durante estos tres d\u00edas, se espera una afluencia superior a los 4 mil visitantes que se registraron en el 2015.<\/p>\n<p>En esta segunda edici\u00f3n, los artesanos ofrecer\u00e1n adem\u00e1s de los tradicionales molcajetes y metates, productos de piedra volc\u00e1nica innovadores en los que se han estado capacitando a trav\u00e9s de programas de la propia Secretar\u00eda de Turismo Municipal.<\/p>\n<p>Asimismo, se contar\u00e1 con un extenso calendario cultural a trav\u00e9s de elencos art\u00edsticos que se ofrecer\u00e1n a los visitantes, entre las actividades destacadas se contempla el concurso de salsas elaboradas en molcajete, un concurso de oratoria en alusi\u00f3n a la importancia del molcajete para la comunidad, el concurso de palo encerado y la peculiar carrera de burros.<\/p>\n<p>Cabe resaltar que el d\u00eda 17 de diciembre dentro de las actividades que se contemplan durante esta Feria, se llevar\u00e1 a cabo la inauguraci\u00f3n del port\u00f3n de la iglesia que se someti\u00f3 a remodelaci\u00f3n en el pasado mes de octubre, con el cual se ver\u00e1n beneficiados 2 mil 638 habitantes de San Nicol\u00e1s.<\/p>\n","protected":false},"excerpt":{"rendered":"<p>Con el prop\u00f3sito de impulsar la econom\u00eda local en la Tenencia de San Nicol\u00e1s Obispo, el Ayuntamiento de Morelia a trav\u00e9s de la Secretar\u00eda de Turismo Municipal, alista ya los \u00faltimos preparativos para la segunda Feria del Molcajete, que se llevar\u00e1 a cabo del 16 al 18 de diciembre de este a\u00f1o.<\/p>\n","protected":false},"author":1,"featured_media":28313,"comment_status":"open","ping_status":"open","sticky":false,"template":"","format":"standard","meta":{"footnotes":""},"categories":[14,9],"tags":[],"class_list":["post-28312","post","type-post","status-publish","format-standard","has-post-thumbnail","hentry","category-destacadas","category-morelia"],"_links":{"self":[{"href":"https:\/\/radiowebmx.com\/nota\/wp-json\/wp\/v2\/posts\/28312","targetHints":{"allow":["GET"]}}],"collection":[{"href":"https:\/\/radiowebmx.com\/nota\/wp-json\/wp\/v2\/posts"}],"about":[{"href":"https:\/\/radiowebmx.com\/nota\/wp-json\/wp\/v2\/types\/post"}],"author":[{"embeddable":true,"href":"https:\/\/radiowebmx.com\/nota\/wp-json\/wp\/v2\/users\/1"}],"replies":[{"embeddable":true,"href":"https:\/\/radiowebmx.com\/nota\/wp-json\/wp\/v2\/comments?post=28312"}],"version-history":[{"count":1,"href":"https:\/\/radiowebmx.com\/nota\/wp-json\/wp\/v2\/posts\/28312\/revisions"}],"predecessor-version":[{"id":28314,"href":"https:\/\/radiowebmx.com\/nota\/wp-json\/wp\/v2\/posts\/28312\/revisions\/28314"}],"wp:featuredmedia":[{"embeddable":true,"href":"https:\/\/radiowebmx.com\/nota\/wp-json\/wp\/v2\/media\/28313"}],"wp:attachment":[{"href":"https:\/\/radiowebmx.com\/nota\/wp-json\/wp\/v2\/media?parent=28312"}],"wp:term":[{"taxonomy":"category","embeddable":true,"href":"https:\/\/radiowebmx.com\/nota\/wp-json\/wp\/v2\/categories?post=28312"},{"taxonomy":"post_tag","embeddable":true,"href":"https:\/\/radiowebmx.com\/nota\/wp-json\/wp\/v2\/tags?post=28312"}],"curies":[{"name":"wp","href":"https:\/\/api.w.org\/{rel}","templated":true}]}}