{"id":28304,"date":"2016-11-29T10:32:03","date_gmt":"2016-11-29T16:32:03","guid":{"rendered":"https:\/\/radiowebmx.com\/nota\/?p=28304"},"modified":"2016-11-29T10:32:03","modified_gmt":"2016-11-29T16:32:03","slug":"mejora-gobierno-municipal-vialidades-con-obras-de-reencarpetamiento","status":"publish","type":"post","link":"https:\/\/radiowebmx.com\/nota\/mejora-gobierno-municipal-vialidades-con-obras-de-reencarpetamiento\/","title":{"rendered":"Mejora Gobierno Municipal vialidades con obras de reencarpetamiento"},"content":{"rendered":"<p><img loading=\"lazy\" decoding=\"async\" src=\"https:\/\/radiowebmx.com\/nota\/wp-content\/uploads\/2016\/11\/f6e8ba1f-3042-4493-a603-4adab6161c8a.jpeg\" alt=\"f6e8ba1f-3042-4493-a603-4adab6161c8a\" width=\"709\" height=\"399\" class=\"alignleft size-full wp-image-28305\" srcset=\"https:\/\/radiowebmx.com\/nota\/wp-content\/uploads\/2016\/11\/f6e8ba1f-3042-4493-a603-4adab6161c8a.jpeg 709w, https:\/\/radiowebmx.com\/nota\/wp-content\/uploads\/2016\/11\/f6e8ba1f-3042-4493-a603-4adab6161c8a-300x169.jpeg 300w, https:\/\/radiowebmx.com\/nota\/wp-content\/uploads\/2016\/11\/f6e8ba1f-3042-4493-a603-4adab6161c8a-642x362.jpeg 642w, https:\/\/radiowebmx.com\/nota\/wp-content\/uploads\/2016\/11\/f6e8ba1f-3042-4493-a603-4adab6161c8a-128x72.jpeg 128w\" sizes=\"auto, (max-width: 709px) 100vw, 709px\" \/><\/p>\n<p>Con el firme compromiso de que la ciudadan\u00eda pueda transitar de manera segura y confiable por las calles de Morelia, el Ayuntamiento que encabeza el Presidente Municipal, Alfonso Mart\u00ednez Alc\u00e1zar, continua trabajando en la rehabilitaci\u00f3n de las vialidades m\u00e1s importantes para el desarrollo de las actividades cotidianas de sus habitantes.<\/p>\n<p>Bajo este esquema, la Secretar\u00eda de Desarrollo Metropolitano e Infraestructura a trav\u00e9s de su titular, Juan Fernando Sosa Tapia, inform\u00f3 que actualmente las brigadas de reencarpetamiento se encuentran trabajando en la calle Morelos Sur en el tramo que comprende de Camelinas a Irititicateme.<\/p>\n<p>Explic\u00f3 que actualmente se lleva a cabo la primera etapa de esta vialidad, ya que el trabajo completo culminar\u00e1 en la Avenida Solidaridad, de tal manera que se prev\u00e9 que estos trabajos lleguen a su fin el pr\u00f3ximo fin de semana, por lo que pidi\u00f3 la comprensi\u00f3n de la ciudadan\u00eda por los cierres parciales de dichas calles.<\/p>\n<p>\u201cEstamos tratando de afectar lo menos posible el tr\u00e1nsito de los ciudadanos y en este sentido trabajamos el fresado en las noches y en el d\u00eda se comienza con la colocaci\u00f3n de la carpeta asf\u00e1ltica, la idea es cerrar y reabrir conforme se vaya avanzando\u201d, destac\u00f3 el titular de dicha \u00e1rea.<\/p>\n<p>En este sentido, refiri\u00f3 que estos trabajos se han realizado en coordinaci\u00f3n con los jefes de sector para socializar y sensibilizar a los vecinos de tal manera que se pueda trabajar procurando afectar lo menos posible a los ciudadanos.<\/p>\n<p>Posteriormente, dijo, que una vez que se concluyan los trabajos en Morelos Sur se comenzar\u00e1 con el fresado de la Calle Virrey de Mendoza, para posteriormente llegar hasta la Avenida Michoac\u00e1n, en donde actualmente se trabaja en la instalaci\u00f3n de rampas de tal manera que est\u00e9n listas una vez que llegue la maquinaria para iniciar con los trabajos de reencarpetamiento.<\/p>\n<p>Con estas acciones el Gobierno de Alfonso Mart\u00ednez, cumple con el objetivo de atender una de las necesidades m\u00e1s sentidas de los morelianos, por lo que continuar\u00e1n con los trabajos tanto en esta materia como en la de bacheo, de tal manera que se est\u00e1n atendiendo los cuatro sectores de la capital del estado<\/p>\n","protected":false},"excerpt":{"rendered":"<p>Con el firme compromiso de que la ciudadan\u00eda pueda transitar de manera segura y confiable por las calles de Morelia, el Ayuntamiento que encabeza el Presidente Municipal, Alfonso Mart\u00ednez Alc\u00e1zar, continua trabajando en la rehabilitaci\u00f3n de las vialidades m\u00e1s importantes para el desarrollo de las actividades cotidianas de sus habitantes.<\/p>\n","protected":false},"author":1,"featured_media":28305,"comment_status":"open","ping_status":"open","sticky":false,"template":"","format":"standard","meta":{"footnotes":""},"categories":[14,9],"tags":[],"class_list":["post-28304","post","type-post","status-publish","format-standard","has-post-thumbnail","hentry","category-destacadas","category-morelia"],"_links":{"self":[{"href":"https:\/\/radiowebmx.com\/nota\/wp-json\/wp\/v2\/posts\/28304","targetHints":{"allow":["GET"]}}],"collection":[{"href":"https:\/\/radiowebmx.com\/nota\/wp-json\/wp\/v2\/posts"}],"about":[{"href":"https:\/\/radiowebmx.com\/nota\/wp-json\/wp\/v2\/types\/post"}],"author":[{"embeddable":true,"href":"https:\/\/radiowebmx.com\/nota\/wp-json\/wp\/v2\/users\/1"}],"replies":[{"embeddable":true,"href":"https:\/\/radiowebmx.com\/nota\/wp-json\/wp\/v2\/comments?post=28304"}],"version-history":[{"count":1,"href":"https:\/\/radiowebmx.com\/nota\/wp-json\/wp\/v2\/posts\/28304\/revisions"}],"predecessor-version":[{"id":28306,"href":"https:\/\/radiowebmx.com\/nota\/wp-json\/wp\/v2\/posts\/28304\/revisions\/28306"}],"wp:featuredmedia":[{"embeddable":true,"href":"https:\/\/radiowebmx.com\/nota\/wp-json\/wp\/v2\/media\/28305"}],"wp:attachment":[{"href":"https:\/\/radiowebmx.com\/nota\/wp-json\/wp\/v2\/media?parent=28304"}],"wp:term":[{"taxonomy":"category","embeddable":true,"href":"https:\/\/radiowebmx.com\/nota\/wp-json\/wp\/v2\/categories?post=28304"},{"taxonomy":"post_tag","embeddable":true,"href":"https:\/\/radiowebmx.com\/nota\/wp-json\/wp\/v2\/tags?post=28304"}],"curies":[{"name":"wp","href":"https:\/\/api.w.org\/{rel}","templated":true}]}}