{"id":28301,"date":"2016-11-29T10:30:15","date_gmt":"2016-11-29T16:30:15","guid":{"rendered":"https:\/\/radiowebmx.com\/nota\/?p=28301"},"modified":"2017-01-10T15:15:17","modified_gmt":"2017-01-10T21:15:17","slug":"apoyo-y-concuerdo-con-andres-manuel-baltazar-gaona","status":"publish","type":"post","link":"https:\/\/radiowebmx.com\/nota\/apoyo-y-concuerdo-con-andres-manuel-baltazar-gaona\/","title":{"rendered":"Apoyo y concuerdo con Andr\u00e9s Manuel: Baltazar Gaona"},"content":{"rendered":"<p><img loading=\"lazy\" decoding=\"async\" class=\"alignleft  wp-image-28302\" src=\"https:\/\/radiowebmx.com\/nota\/wp-content\/uploads\/2016\/11\/15300540_1270210623020948_1228423427_n.jpg\" alt=\"15300540_1270210623020948_1228423427_n\" width=\"569\" height=\"272\" srcset=\"https:\/\/radiowebmx.com\/nota\/wp-content\/uploads\/2016\/11\/15300540_1270210623020948_1228423427_n.jpg 709w, https:\/\/radiowebmx.com\/nota\/wp-content\/uploads\/2016\/11\/15300540_1270210623020948_1228423427_n-300x143.jpg 300w\" sizes=\"auto, (max-width: 569px) 100vw, 569px\" \/>Zacapu, Mich., 28 de noviembre del 2016.- El Presidente Municipal de Tar\u00edmbaro asisti\u00f3 al m\u00edtin que realiz\u00f3 Andr\u00e9s Manuel L\u00f3pez Obrador en Zacapu, como muestra de su empat\u00eda.<\/p>\n<p>&#8220;Es la mejor opci\u00f3n que tenemos ahorita, se necesita una alianza de ciudadanos, no de partidos que vayan por el rescate de M\u00e9xico&#8221;, asegur\u00f3 en entrevista el edil.<\/p>\n<p>Detallo que el PT no sabe si apoyar\u00e1 a AMLO para el 2018, &#8220;pero de manera personal si lo apoyo&#8221;.<\/p>\n<p>&#8220;Tiene buena presencia en Michoac\u00e1n y esperemos que tenga buenos resultados&#8221; valor\u00f3 sobre la gira que realiz\u00f3 el fin de semana el l\u00edder de Morena.<\/p>\n<p>&#8220;Concuerdo con el discurso de Obrador, siempre he sido de izquierda, me corrieron del PRD, pero el PT me dio la oportunidad para poder ser presidente municipal nuevamente&#8221;.<\/p>\n","protected":false},"excerpt":{"rendered":"<p>El Presidente Municipal de Tar\u00edmbaro asisti\u00f3 al m\u00edtin que realiz\u00f3 Andr\u00e9s Manuel L\u00f3pez Obrador en Zacapu, como muestra de su empat\u00eda. <\/p>\n","protected":false},"author":1,"featured_media":28302,"comment_status":"open","ping_status":"open","sticky":false,"template":"","format":"standard","meta":{"footnotes":""},"categories":[14,22],"tags":[],"class_list":["post-28301","post","type-post","status-publish","format-standard","has-post-thumbnail","hentry","category-destacadas","category-tarimbaro"],"_links":{"self":[{"href":"https:\/\/radiowebmx.com\/nota\/wp-json\/wp\/v2\/posts\/28301","targetHints":{"allow":["GET"]}}],"collection":[{"href":"https:\/\/radiowebmx.com\/nota\/wp-json\/wp\/v2\/posts"}],"about":[{"href":"https:\/\/radiowebmx.com\/nota\/wp-json\/wp\/v2\/types\/post"}],"author":[{"embeddable":true,"href":"https:\/\/radiowebmx.com\/nota\/wp-json\/wp\/v2\/users\/1"}],"replies":[{"embeddable":true,"href":"https:\/\/radiowebmx.com\/nota\/wp-json\/wp\/v2\/comments?post=28301"}],"version-history":[{"count":2,"href":"https:\/\/radiowebmx.com\/nota\/wp-json\/wp\/v2\/posts\/28301\/revisions"}],"predecessor-version":[{"id":29694,"href":"https:\/\/radiowebmx.com\/nota\/wp-json\/wp\/v2\/posts\/28301\/revisions\/29694"}],"wp:featuredmedia":[{"embeddable":true,"href":"https:\/\/radiowebmx.com\/nota\/wp-json\/wp\/v2\/media\/28302"}],"wp:attachment":[{"href":"https:\/\/radiowebmx.com\/nota\/wp-json\/wp\/v2\/media?parent=28301"}],"wp:term":[{"taxonomy":"category","embeddable":true,"href":"https:\/\/radiowebmx.com\/nota\/wp-json\/wp\/v2\/categories?post=28301"},{"taxonomy":"post_tag","embeddable":true,"href":"https:\/\/radiowebmx.com\/nota\/wp-json\/wp\/v2\/tags?post=28301"}],"curies":[{"name":"wp","href":"https:\/\/api.w.org\/{rel}","templated":true}]}}