{"id":2830,"date":"2013-06-05T11:56:53","date_gmt":"2013-06-05T16:56:53","guid":{"rendered":"https:\/\/radiowebmx.com\/nota\/?p=2830"},"modified":"2013-06-05T11:56:53","modified_gmt":"2013-06-05T16:56:53","slug":"ip-ayuntamientos-y-sectur-comprometen-union-de-esfuerzos-por-region-uruapan","status":"publish","type":"post","link":"https:\/\/radiowebmx.com\/nota\/ip-ayuntamientos-y-sectur-comprometen-union-de-esfuerzos-por-region-uruapan\/","title":{"rendered":"IP, AYUNTAMIENTOS Y SECTUR COMPROMETEN UNI\u00d3N DE ESFUERZOS POR REGI\u00d3N URUAPAN"},"content":{"rendered":"<p>Dar continuidad a las obras de infraestructura tur\u00edstica iniciadas en la regi\u00f3n Uruapan, y fortalecer la promoci\u00f3n del destino, comprometi\u00f3 el secretario de Turismo del Estado, Roberto Monroy Garc\u00eda, en reuni\u00f3n de trabajo con casi un centenar de empresarios y prestadores de servicios de Uruapan.<\/p>\n<p>&nbsp;<\/p>\n<p>Monroy Garc\u00eda acudi\u00f3 al evento a invitaci\u00f3n de los Ejecutivos de venta y mercadotecnia de Uruapan, presididos por Don Manuel Trejo Garc\u00eda.<\/p>\n<p>&nbsp;<\/p>\n<p>Los empresarios hicieron p\u00fablico su inter\u00e9s en sumarse a las acciones para beneficio de su regi\u00f3n; agradecieron el apoyo del Gobierno del Estado a trav\u00e9s de la Sectur en materia de promoci\u00f3n y destacaron la necesidad de reforzar el trabajo durante el a\u00f1o en curso.<\/p>\n<p>&nbsp;<\/p>\n<p>Directivos de la Sectur Michoac\u00e1n presentaron en detalle las acciones y segmentos de mercado atendidos durante el 2013 con los diversos esquemas de promoci\u00f3n tur\u00edstica instrumentados para beneficio de la regi\u00f3n que comprende Uruapan y la Meseta Pur\u00e9pecha.<\/p>\n<p>&nbsp;<\/p>\n<p>M\u00e1s tarde, el Secretario de Turismo destac\u00f3 que en la zona del Volc\u00e1n Paricut\u00edn se encuentran ya en marcha los trabajos de infraestructura para impulsar el ecoturismo y tambi\u00e9n habl\u00f3 sobre la infraestructura para comunicar la zona arqueol\u00f3gica de Tingambato con la Autopista Siglo XXI.<\/p>\n<p>&nbsp;<\/p>\n<p>En el encuentro tambi\u00e9n estuvieron presentes el presidente del Consejo Nacional de Legisladores de Turismo, Marco Trejo Pureco; el presidente municipal de Ziracuaretiro, Carlos Sandoval Portugal; el alcalde de Taretan, Eustolio T\u00e9llez Verduzco; el secretario de Turismo de Uruapan, Arturo \u00c1vila Val; la diputada Socorro Quintana; la presidenta de la Asociaci\u00f3n Michoacana de Balnearios y Parques Acu\u00e1ticos, Cristina Lemus; el titular de Concanaco en la entidad, Pedro Plancarte; el director de ABC de Michoac\u00e1n, Pedro Andrade, entre otros empresarios.<\/p>\n<p>&nbsp;<\/p>\n","protected":false},"excerpt":{"rendered":"<p>Dar continuidad a las obras de infraestructura tur\u00edstica iniciadas en la regi\u00f3n Uruapan, y fortalecer la promoci\u00f3n del destino, comprometi\u00f3 el secretario de Turismo del Estado, Roberto Monroy Garc\u00eda, en reuni\u00f3n de trabajo con casi un centenar de empresarios y prestadores de servicios de Uruapan.<\/p>\n","protected":false},"author":1,"featured_media":0,"comment_status":"open","ping_status":"open","sticky":false,"template":"","format":"standard","meta":{"footnotes":""},"categories":[3],"tags":[],"class_list":["post-2830","post","type-post","status-publish","format-standard","hentry","category-gobierno-del-estado-de-michoacan"],"_links":{"self":[{"href":"https:\/\/radiowebmx.com\/nota\/wp-json\/wp\/v2\/posts\/2830","targetHints":{"allow":["GET"]}}],"collection":[{"href":"https:\/\/radiowebmx.com\/nota\/wp-json\/wp\/v2\/posts"}],"about":[{"href":"https:\/\/radiowebmx.com\/nota\/wp-json\/wp\/v2\/types\/post"}],"author":[{"embeddable":true,"href":"https:\/\/radiowebmx.com\/nota\/wp-json\/wp\/v2\/users\/1"}],"replies":[{"embeddable":true,"href":"https:\/\/radiowebmx.com\/nota\/wp-json\/wp\/v2\/comments?post=2830"}],"version-history":[{"count":2,"href":"https:\/\/radiowebmx.com\/nota\/wp-json\/wp\/v2\/posts\/2830\/revisions"}],"predecessor-version":[{"id":2832,"href":"https:\/\/radiowebmx.com\/nota\/wp-json\/wp\/v2\/posts\/2830\/revisions\/2832"}],"wp:attachment":[{"href":"https:\/\/radiowebmx.com\/nota\/wp-json\/wp\/v2\/media?parent=2830"}],"wp:term":[{"taxonomy":"category","embeddable":true,"href":"https:\/\/radiowebmx.com\/nota\/wp-json\/wp\/v2\/categories?post=2830"},{"taxonomy":"post_tag","embeddable":true,"href":"https:\/\/radiowebmx.com\/nota\/wp-json\/wp\/v2\/tags?post=2830"}],"curies":[{"name":"wp","href":"https:\/\/api.w.org\/{rel}","templated":true}]}}