{"id":28297,"date":"2016-11-29T10:28:59","date_gmt":"2016-11-29T16:28:59","guid":{"rendered":"https:\/\/radiowebmx.com\/nota\/?p=28297"},"modified":"2016-11-29T10:28:59","modified_gmt":"2016-11-29T16:28:59","slug":"preside-gobernador-xv-sesion-del-consejo-de-cuenca-lerma-chapala","status":"publish","type":"post","link":"https:\/\/radiowebmx.com\/nota\/preside-gobernador-xv-sesion-del-consejo-de-cuenca-lerma-chapala\/","title":{"rendered":"Preside Gobernador XV sesi\u00f3n del Consejo de Cuenca Lerma-Chapala"},"content":{"rendered":"<p><img loading=\"lazy\" decoding=\"async\" src=\"https:\/\/radiowebmx.com\/nota\/wp-content\/uploads\/2016\/11\/01a80ec3-f718-4a52-8cdd-8e8ae00fbfbc-1.jpeg\" alt=\"01a80ec3-f718-4a52-8cdd-8e8ae00fbfbc\" width=\"709\" height=\"472\" class=\"alignleft size-full wp-image-28299\" srcset=\"https:\/\/radiowebmx.com\/nota\/wp-content\/uploads\/2016\/11\/01a80ec3-f718-4a52-8cdd-8e8ae00fbfbc-1.jpeg 709w, https:\/\/radiowebmx.com\/nota\/wp-content\/uploads\/2016\/11\/01a80ec3-f718-4a52-8cdd-8e8ae00fbfbc-1-300x200.jpeg 300w\" sizes=\"auto, (max-width: 709px) 100vw, 709px\" \/><\/p>\n<p>Morelia, Michoac\u00e1n, a 28 de noviembre de 2016.- Los Consejos de Cuencas ayudan para que la distribuci\u00f3n del agua sea m\u00e1s justa y democr\u00e1tica, en donde los usuarios son los m\u00e1s beneficiados, as\u00ed lo expres\u00f3 el Gobernador Constitucional Silvano Aureoles Conejo, al presidir la XV sesi\u00f3n del Consejo de Cuencas Lerma-Chapala.<\/p>\n<p>En esta sesi\u00f3n, que tambi\u00e9n fue encabezada por Roberto Ram\u00edrez de la Parra, director general de la Comisi\u00f3n Nacional del Agua (Conagua), se inform\u00f3 que las presas de las cinco entidades que conforman la Cuenca Lerma-Chapala, cuentan con buen nivel de agua, lo que permitir\u00e1 tener una efectiva distribuci\u00f3n del vital l\u00edquido para el ciclo agr\u00edcola oto\u00f1o-invierno.<\/p>\n<p>El mandatario estatal enfatiz\u00f3 en que los Consejos de Cuenca deben ayudar a regular el aprovechamiento del agua y una distribuci\u00f3n m\u00e1s justa y democr\u00e1tica, porque, aunque haya reglas, leyes o normas, siempre ser\u00e1 mejor que se pongan de acuerdo quienes son los usuarios del agua.  <\/p>\n<p>\u201cEl trabajo realizado por los integrantes de la Cuenca Lerma-Chapala es un ejemplo de que s\u00ed se puede y de que con la participaci\u00f3n social es el mejor camino\u201d, recalc\u00f3 y refiri\u00f3 que la distribuci\u00f3n del agua en ocasiones se ha convertido \u201cen un verdadero problema\u201d.<\/p>\n<p>La Cuenca Lerma- Chapala detall\u00f3, representa el 11 por ciento del territorio nacional; m\u00e1s del 13 por ciento de la poblaci\u00f3n y m\u00e1s del 4 por ciento del Producto Interno Bruto (PIB). \u201cEs una de las regiones del pa\u00eds con mayor concentraci\u00f3n de actividades econ\u00f3micas y una alta concentraci\u00f3n de poblaci\u00f3n, en consecuencia, el agua se convierte en un tema fundamental para el desarrollo econ\u00f3mico y la generaci\u00f3n de bienestar social\u201d.<\/p>\n<p>El director general de la Comisi\u00f3n Nacional del Agua (Conagua), Roberto Ram\u00edrez de la Parra, destac\u00f3 que el Consejo de la Cuenca Lerma-Chapala es el \u00fanico a nivel nacional que cuenta con un reglamento para la mejora y el cuidado del agua.<\/p>\n<p>En este sentido, explic\u00f3 que al ser este un a\u00f1o bueno en cuanto a lluvias, se logr\u00f3 que las presas contaran con una excelente captaci\u00f3n del vital l\u00edquido, lo que da como resultado una magnifica distribuci\u00f3n de volumen del agua para el ciclo agr\u00edcola oto\u00f1o-invierno.<\/p>\n<p>\u201cNuestro objetivo primordial es que logremos almacenar agua suficiente para por lo menos dos a\u00f1os de abastecimiento para la poblaci\u00f3n y dos ciclos agr\u00edcolas, para enfrentar una sequ\u00eda y as\u00ed mitigar de una mejor manera la falta del agua\u201d, abund\u00f3.<\/p>\n<p>Jorge Jim\u00e9nez Campos, quien fue ratificado como presidente del Consejo Lerma-Chapala, refiri\u00f3 que uno de los objetivos principales es buscar la recuperaci\u00f3n y el desarrollo de esta zona, pues concentra una de las mayores riquezas h\u00eddricas a nivel nacional.<\/p>\n<p>Es importante destacar que en la XV sesi\u00f3n del Consejo de Cuencas Lerma-Chapala, adem\u00e1s de ratificar a Jim\u00e9nez Campos como presidente del Consejo, se inform\u00f3 que este organismo colegiado contar\u00e1 con una contralor\u00eda social para la real rendici\u00f3n de cuentas y as\u00ed lograr una mayor transparencia en el manejo de recursos.<\/p>\n<p>Asimismo, se comunic\u00f3 que el sistema de la Ciudad de M\u00e9xico se incorpora a las 9 vocal\u00edas de usuarios del Consejo de Cuenca Lerma-Chapala.<\/p>\n<p>Es importante se\u00f1alar que la Cuenca Lerma-Chapala se encuentra conformada por las siguientes entidades: Estado de M\u00e9xico, Guanajuato, Jalisco, Michoac\u00e1n y Quer\u00e9taro.<\/p>\n<p>Asistieron a esta sesi\u00f3n, el secretario t\u00e9cnico del Consejo de Cuenca, Jorge Malag\u00f3n D\u00edaz; el presidente municipal de Morelia, Alfonso Mart\u00ednez Alc\u00e1zar; el coordinador general de Atenci\u00f3n de Emergencias y Consejos de Cuencas, Omar G\u00f3mez Ruiz; el subdirector general de Infraestructura Agr\u00edcola, Luis Felipe Alcocer Espinoza; el presidente de la Asamblea General de Usuarios y contralor social, Ramiro Gonz\u00e1lez de la Cruz; el titular de la CEAC, Germ\u00e1n Tena Fern\u00e1ndez; representantes de los gobiernos de Jalisco, Quer\u00e9taro, Guanajuato y el Estado de M\u00e9xico, as\u00ed como diversas autoridades municipales, estatales y federales.<\/p>\n","protected":false},"excerpt":{"rendered":"<p>Los Consejos de Cuencas ayudan para que la distribuci\u00f3n del agua sea m\u00e1s justa y democr\u00e1tica, en donde los usuarios son los m\u00e1s beneficiados, as\u00ed lo expres\u00f3 el Gobernador Constitucional Silvano Aureoles Conejo, al presidir la XV sesi\u00f3n del Consejo de Cuencas Lerma-Chapala.<\/p>\n","protected":false},"author":1,"featured_media":28298,"comment_status":"open","ping_status":"open","sticky":false,"template":"","format":"standard","meta":{"footnotes":""},"categories":[14,3],"tags":[],"class_list":["post-28297","post","type-post","status-publish","format-standard","has-post-thumbnail","hentry","category-destacadas","category-gobierno-del-estado-de-michoacan"],"_links":{"self":[{"href":"https:\/\/radiowebmx.com\/nota\/wp-json\/wp\/v2\/posts\/28297","targetHints":{"allow":["GET"]}}],"collection":[{"href":"https:\/\/radiowebmx.com\/nota\/wp-json\/wp\/v2\/posts"}],"about":[{"href":"https:\/\/radiowebmx.com\/nota\/wp-json\/wp\/v2\/types\/post"}],"author":[{"embeddable":true,"href":"https:\/\/radiowebmx.com\/nota\/wp-json\/wp\/v2\/users\/1"}],"replies":[{"embeddable":true,"href":"https:\/\/radiowebmx.com\/nota\/wp-json\/wp\/v2\/comments?post=28297"}],"version-history":[{"count":1,"href":"https:\/\/radiowebmx.com\/nota\/wp-json\/wp\/v2\/posts\/28297\/revisions"}],"predecessor-version":[{"id":28300,"href":"https:\/\/radiowebmx.com\/nota\/wp-json\/wp\/v2\/posts\/28297\/revisions\/28300"}],"wp:featuredmedia":[{"embeddable":true,"href":"https:\/\/radiowebmx.com\/nota\/wp-json\/wp\/v2\/media\/28298"}],"wp:attachment":[{"href":"https:\/\/radiowebmx.com\/nota\/wp-json\/wp\/v2\/media?parent=28297"}],"wp:term":[{"taxonomy":"category","embeddable":true,"href":"https:\/\/radiowebmx.com\/nota\/wp-json\/wp\/v2\/categories?post=28297"},{"taxonomy":"post_tag","embeddable":true,"href":"https:\/\/radiowebmx.com\/nota\/wp-json\/wp\/v2\/tags?post=28297"}],"curies":[{"name":"wp","href":"https:\/\/api.w.org\/{rel}","templated":true}]}}