{"id":28294,"date":"2016-11-29T10:11:45","date_gmt":"2016-11-29T16:11:45","guid":{"rendered":"https:\/\/radiowebmx.com\/nota\/?p=28294"},"modified":"2016-11-29T10:11:45","modified_gmt":"2016-11-29T16:11:45","slug":"morelia-trabaja-a-favor-del-cuidado-del-agua","status":"publish","type":"post","link":"https:\/\/radiowebmx.com\/nota\/morelia-trabaja-a-favor-del-cuidado-del-agua\/","title":{"rendered":"Morelia trabaja a favor del cuidado del agua"},"content":{"rendered":"<p><img loading=\"lazy\" decoding=\"async\" src=\"https:\/\/radiowebmx.com\/nota\/wp-content\/uploads\/2016\/11\/f6dacc06-71a0-4df5-b8f7-ae91435ab253.jpeg\" alt=\"f6dacc06-71a0-4df5-b8f7-ae91435ab253\" width=\"709\" height=\"472\" class=\"alignleft size-full wp-image-28295\" srcset=\"https:\/\/radiowebmx.com\/nota\/wp-content\/uploads\/2016\/11\/f6dacc06-71a0-4df5-b8f7-ae91435ab253.jpeg 709w, https:\/\/radiowebmx.com\/nota\/wp-content\/uploads\/2016\/11\/f6dacc06-71a0-4df5-b8f7-ae91435ab253-300x200.jpeg 300w\" sizes=\"auto, (max-width: 709px) 100vw, 709px\" \/><\/p>\n<p>ara el actual Gobierno Municipal es de suma importancia trabajar en el cuidado del agua, es por ello que se tienen en puerta proyectos que ayuden a suministrar de una mejor manera el vital l\u00edquido, as\u00ed lo expres\u00f3 el Presidente Municipal de Morelia, Alfonso Mart\u00ednez Alc\u00e1zar durante su asistencia a la Sesi\u00f3n del Consejo de Cuenca Lerma Chapala.<\/p>\n<p>Durante su mensaje de bienvenida, el Jefe de la Comuna Moreliana destac\u00f3 los proyectos en los que el Ayuntamiento ha estado trabajando en pro de mejorar la distribuci\u00f3n, el ordenamiento y el saneamiento del agua en la capital del estado, por lo que es fundamental la participaci\u00f3n de Morelia en este Consejo para impulsar pol\u00edticas tendientes a mejorar este aspecto.<\/p>\n<p>Ante el Gobernador del Estado, Silvano Aureoles Consejo; Roberto Ram\u00edrez de la Parra, Director General de la Comisi\u00f3n Nacional del Agua (CONAGUA); Jorge Malag\u00f3n D\u00edaz, Secretario T\u00e9cnico del Consejo de Cuenca; Germ\u00e1n Tena Fern\u00e1ndez, Coordinador General de la Comisi\u00f3n Estatal del Agua y Gesti\u00f3n de Cuencas en Michoac\u00e1n, as\u00ed como integrantes de este Consejo provenientes de los diferentes estados, Mart\u00ednez Alc\u00e1zar reiter\u00f3 el compromiso de su Administraci\u00f3n en el tema del agua.<\/p>\n<p>\u201cQueremos agradecer el apoyo del Gobierno Federal por medio de la CONAGUA a este municipio con la construcci\u00f3n del colector Norponiente, del colector marginal del R\u00edo Chiquito, proyecto que traer\u00e1 grandes beneficios al desarrollo de la ciudad y de la poblaci\u00f3n\u201d, resalt\u00f3, Mart\u00ednez Alc\u00e1zar.<\/p>\n<p>El Jefe de la Comuna Moreliana, asegur\u00f3 que la capital del estado se surte del vital l\u00edquido de tres fuentes fundamentales; la primera, la Mintzita que es la que m\u00e1s sale beneficiada con el conector Norponiente que se est\u00e1 concluyendo, la otra parte viene de la Presa de Morelia la cual abastece casi el 30 por ciento del agua y por \u00faltimo de los pozos profundos que tiene el municipio.<\/p>\n<p>En este sentido record\u00f3 que la planta tratadora de aguas residuales que est\u00e1 en Atapaneo, que es la m\u00e1s grande del municipio, est\u00e1 a punto de llegar a su l\u00edmite m\u00e1s alto, por lo que se est\u00e1 viendo la posibilidad con los municipios circunvecinos para proveer esa agua limpia o tratada para que se entregue con fines agr\u00edcolas.<\/p>\n<p>Coment\u00f3 que se realiza un proyecto ambicioso que es el del saneamiento del R\u00edo Chiquito, adem\u00e1s de la construcci\u00f3n del Parque Lineal, una planta tratadora de aguas residuales en Jes\u00fas del Monte, acciones con las cuales el municipio demuestra su compromiso por mejorar la situaci\u00f3n actual del vital l\u00edquido.<\/p>\n","protected":false},"excerpt":{"rendered":"<p>Para el actual Gobierno Municipal es de suma importancia trabajar en el cuidado del agua, es por ello que se tienen en puerta proyectos que ayuden a suministrar de una mejor manera el vital l\u00edquido, as\u00ed lo expres\u00f3 el Presidente Municipal de Morelia<\/p>\n","protected":false},"author":1,"featured_media":28295,"comment_status":"open","ping_status":"open","sticky":false,"template":"","format":"standard","meta":{"footnotes":""},"categories":[14,9],"tags":[],"class_list":["post-28294","post","type-post","status-publish","format-standard","has-post-thumbnail","hentry","category-destacadas","category-morelia"],"_links":{"self":[{"href":"https:\/\/radiowebmx.com\/nota\/wp-json\/wp\/v2\/posts\/28294","targetHints":{"allow":["GET"]}}],"collection":[{"href":"https:\/\/radiowebmx.com\/nota\/wp-json\/wp\/v2\/posts"}],"about":[{"href":"https:\/\/radiowebmx.com\/nota\/wp-json\/wp\/v2\/types\/post"}],"author":[{"embeddable":true,"href":"https:\/\/radiowebmx.com\/nota\/wp-json\/wp\/v2\/users\/1"}],"replies":[{"embeddable":true,"href":"https:\/\/radiowebmx.com\/nota\/wp-json\/wp\/v2\/comments?post=28294"}],"version-history":[{"count":1,"href":"https:\/\/radiowebmx.com\/nota\/wp-json\/wp\/v2\/posts\/28294\/revisions"}],"predecessor-version":[{"id":28296,"href":"https:\/\/radiowebmx.com\/nota\/wp-json\/wp\/v2\/posts\/28294\/revisions\/28296"}],"wp:featuredmedia":[{"embeddable":true,"href":"https:\/\/radiowebmx.com\/nota\/wp-json\/wp\/v2\/media\/28295"}],"wp:attachment":[{"href":"https:\/\/radiowebmx.com\/nota\/wp-json\/wp\/v2\/media?parent=28294"}],"wp:term":[{"taxonomy":"category","embeddable":true,"href":"https:\/\/radiowebmx.com\/nota\/wp-json\/wp\/v2\/categories?post=28294"},{"taxonomy":"post_tag","embeddable":true,"href":"https:\/\/radiowebmx.com\/nota\/wp-json\/wp\/v2\/tags?post=28294"}],"curies":[{"name":"wp","href":"https:\/\/api.w.org\/{rel}","templated":true}]}}