{"id":28289,"date":"2016-11-29T10:09:03","date_gmt":"2016-11-29T16:09:03","guid":{"rendered":"https:\/\/radiowebmx.com\/nota\/?p=28289"},"modified":"2016-11-29T10:09:03","modified_gmt":"2016-11-29T16:09:03","slug":"sedetum-asiste-a-la-ii-cumbre-musal-y-v-congreso-simus","status":"publish","type":"post","link":"https:\/\/radiowebmx.com\/nota\/sedetum-asiste-a-la-ii-cumbre-musal-y-v-congreso-simus\/","title":{"rendered":"Sedetum asiste a la II Cumbre MUSAL y V Congreso SIMUS"},"content":{"rendered":"<figure id=\"attachment_28290\" aria-describedby=\"caption-attachment-28290\" style=\"width: 709px\" class=\"wp-caption alignleft\"><img loading=\"lazy\" decoding=\"async\" src=\"https:\/\/radiowebmx.com\/nota\/wp-content\/uploads\/2016\/11\/464cb639-b77c-49f1-b4d7-66fbbb8de3c4.jpg\" alt=\"SONY DSC\" width=\"709\" height=\"472\" class=\"size-full wp-image-28290\" srcset=\"https:\/\/radiowebmx.com\/nota\/wp-content\/uploads\/2016\/11\/464cb639-b77c-49f1-b4d7-66fbbb8de3c4.jpg 709w, https:\/\/radiowebmx.com\/nota\/wp-content\/uploads\/2016\/11\/464cb639-b77c-49f1-b4d7-66fbbb8de3c4-300x200.jpg 300w\" sizes=\"auto, (max-width: 709px) 100vw, 709px\" \/><figcaption id=\"caption-attachment-28290\" class=\"wp-caption-text\">SONY DSC<\/figcaption><\/figure>\n<p>Ciudad de M\u00e9xico, a 28 de noviembre de 2016.- La movilidad es un eje trasformador de las ciudades, coincidieron representantes de diversos pa\u00edses que asisten a la II Cumbre de Ciudades L\u00edderes en Movilidad Urbana Sustentable de Am\u00e9rica Latina (MUSAL) y V Congreso de Mejores Pr\u00e1cticas SIMUS -Asociaci\u00f3n Latinoamericana de Sistemas Integrados para la Movilidad Urbana Sustentable-, en el que Michoac\u00e1n participa a trav\u00e9s de la Secretar\u00eda de Desarrollo Territorial, Urbano y Movilidad (Sedetum).<\/p>\n<p>Con la representaci\u00f3n del Gobernador del Estado, Silvano Aureoles Conejo, el titular de la Sedetum, Sergio Adem Argueta, asisti\u00f3 a dichos eventos internacionales inaugurados por el jefe de Gobierno de la Ciudad de M\u00e9xico, Miguel \u00c1ngel Mancera Espinoza.<\/p>\n<p>En este marco, el funcionario michoacano consider\u00f3 que la movilidad urbana sustentable, es un rengl\u00f3n fundamental en el que se debe de trabajar desde los tres niveles de gobierno, con acciones y pol\u00edticas p\u00fablicas en donde se impulsen los sistemas de transporte alternativos y donde el peat\u00f3n sea el eje central.<\/p>\n<p>Detall\u00f3 que en Michoac\u00e1n a trav\u00e9s del Fondo Metropolitano se destinar\u00e1n recursos para realizar obras para la movilidad, de igual forma coment\u00f3 que la Sedetum ha sostenido reuniones con el sector del transporte y con diversas instancias internacionales con el objetivo de fortalecer el trabajo que se est\u00e1 desplegando en este rubro, pues refiri\u00f3 que es asunto toral para el desarrollo urbano.<\/p>\n<p>\u201cLa movilidad es un tema trasformador de nuestro Estado y hacia all\u00e1 estamos trabajando\u201d, dijo.<\/p>\n<p>En su turno, el jefe de Gobierno de la Ciudad de M\u00e9xico, Miguel \u00c1ngel Mancera Espinoza, reconoci\u00f3 la participaci\u00f3n de los distintos pa\u00edses, as\u00ed como de los estados de Jalisco y Michoac\u00e1n. Enfatiz\u00f3 en la importancia que tiene la movilidad urbana sustentable, pues afirm\u00f3 que se ha cambiado el esquema de movilidad, y hoy en d\u00eda el peat\u00f3n es quien encabeza la pir\u00e1mide.<\/p>\n<p>El mandatario detall\u00f3 las acciones que en esta materia se han realizado en la ciudad m\u00e1s poblada del pa\u00eds, y en la que diariamente circulan 5 millones y medio de veh\u00edculos; en este contexto destac\u00f3 que es necesario reconocer la movilidad urbana como un derecho de las sociedades y enfatiz\u00f3 que se debe de incluir en esta agenda la seguridad de las mujeres.<\/p>\n<p>Por su parte, el secretario general de SIMUS y secretario Ejecutivo de MUSAL, Luis Guti\u00e9rrez Aparicio, precis\u00f3 que este evento es de gran trascendencia para ir labrando el camino en aras de contar con un aut\u00e9ntico y profundo proceso de trasformaci\u00f3n de la movilidad urbana, de tal forma que las ciudades latinoamericanas puedan estructurarse como ciudades saludables, inclusivas, sustentables; \u201ccomo lo decimos permanentemente: ciudades para la vida\u201d.<\/p>\n<p>Afirm\u00f3 que la movilidad urbana debe entenderse como un derecho social fundamental, por lo que subray\u00f3 la necesidad de que las autoridades incorporen en las agendas de pol\u00edtica p\u00fablica este tema como una de sus prioridades, pues asegur\u00f3 que la movilidad tiene un impacto en la salud, en la competitividad y en el cambio clim\u00e1tico.<\/p>\n<p>El presidente de Administraci\u00f3n de Grupo Carso y miembro del Senado de la Federaci\u00f3n Internacional del Autom\u00f3vil (FIA), Carlos Slim Domit, indic\u00f3 que el tema de la seguridad vial es uno de los que m\u00e1s apremian y requieren de la acci\u00f3n conjunta de empresas y gobiernos.<\/p>\n<p>Tras detallar algunas de las acciones que se realizan en favor de esta materia por parte de las instituciones que representa, reconoci\u00f3 a la Ciudad de M\u00e9xico por ser pionera en diversas medidas como la fotoinfracci\u00f3n, los nuevos esquemas de transporte p\u00fablico, la construcci\u00f3n de pasos peatonales, las ciclopistas y en programas de educaci\u00f3n y de cultura vial.<\/p>\n<p>Alejandro Moreno, coordinador del programa PNUMA-EUROCLIMA de la Oficina Regional para Am\u00e9rica Latina y el Caribe, se congratul\u00f3 al se\u00f1alar que la movilidad es un tema que cada vez es m\u00e1s recurrente en los gobiernos, apunt\u00f3 que la instituci\u00f3n que representa desde hace 15 a\u00f1os ha trabajado en una ruta regional para lograr un transporte m\u00e1s sustentable; en este sentido refrend\u00f3 el compromiso de ONU Ambiente para seguir trabajando con las dem\u00e1s instancias en esta materia.<\/p>\n<p>Durante el evento tambi\u00e9n estuvo presente, la representante de ONU Mujeres en M\u00e9xico, Ana G\u00fcezmes Garc\u00eda; el director del C40 para Am\u00e9rica Latina, Manuel Olivera; el director para Latinoam\u00e9rica del Instituto de Pol\u00edticas para el Transporte  y Desarrollo en M\u00e9xico, Fernando Baranda Sep\u00falveda; el director del Centro Mario Molina, Francisco Barn\u00e9s Regueiro; el secretario de Desarrollo Urbano y Vivienda, el secretario de Movilidad y la secretaria de Medio Ambiente de la Ciudad de M\u00e9xico, Felipe de Jes\u00fas Guti\u00e9rrez Guti\u00e9rrez, H\u00e9ctor Serrano Cort\u00e9s y Tania Lourdes Garc\u00eda respectivamente; el secretario de Movilidad del estado de Jalisco, Servando Sep\u00falveda Enr\u00edquez, as\u00ed como diputadas y diputados de la Asamblea Legislativa de la Ciudad de M\u00e9xico, por mencionar algunos.<\/p>\n","protected":false},"excerpt":{"rendered":"<p>La movilidad es un eje trasformador de las ciudades, coincidieron representantes de diversos pa\u00edses que asisten a la II Cumbre de Ciudades L\u00edderes en Movilidad Urbana Sustentable de Am\u00e9rica Latina (MUSAL) y V Congreso de Mejores Pr\u00e1cticas SIMUS -Asociaci\u00f3n Latinoamericana de Sistemas Integrados para la Movilidad Urbana Sustentable-<\/p>\n","protected":false},"author":1,"featured_media":28290,"comment_status":"open","ping_status":"open","sticky":false,"template":"","format":"standard","meta":{"footnotes":""},"categories":[14,3],"tags":[],"class_list":["post-28289","post","type-post","status-publish","format-standard","has-post-thumbnail","hentry","category-destacadas","category-gobierno-del-estado-de-michoacan"],"_links":{"self":[{"href":"https:\/\/radiowebmx.com\/nota\/wp-json\/wp\/v2\/posts\/28289","targetHints":{"allow":["GET"]}}],"collection":[{"href":"https:\/\/radiowebmx.com\/nota\/wp-json\/wp\/v2\/posts"}],"about":[{"href":"https:\/\/radiowebmx.com\/nota\/wp-json\/wp\/v2\/types\/post"}],"author":[{"embeddable":true,"href":"https:\/\/radiowebmx.com\/nota\/wp-json\/wp\/v2\/users\/1"}],"replies":[{"embeddable":true,"href":"https:\/\/radiowebmx.com\/nota\/wp-json\/wp\/v2\/comments?post=28289"}],"version-history":[{"count":1,"href":"https:\/\/radiowebmx.com\/nota\/wp-json\/wp\/v2\/posts\/28289\/revisions"}],"predecessor-version":[{"id":28291,"href":"https:\/\/radiowebmx.com\/nota\/wp-json\/wp\/v2\/posts\/28289\/revisions\/28291"}],"wp:featuredmedia":[{"embeddable":true,"href":"https:\/\/radiowebmx.com\/nota\/wp-json\/wp\/v2\/media\/28290"}],"wp:attachment":[{"href":"https:\/\/radiowebmx.com\/nota\/wp-json\/wp\/v2\/media?parent=28289"}],"wp:term":[{"taxonomy":"category","embeddable":true,"href":"https:\/\/radiowebmx.com\/nota\/wp-json\/wp\/v2\/categories?post=28289"},{"taxonomy":"post_tag","embeddable":true,"href":"https:\/\/radiowebmx.com\/nota\/wp-json\/wp\/v2\/tags?post=28289"}],"curies":[{"name":"wp","href":"https:\/\/api.w.org\/{rel}","templated":true}]}}