{"id":28281,"date":"2016-11-28T15:12:43","date_gmt":"2016-11-28T21:12:43","guid":{"rendered":"https:\/\/radiowebmx.com\/nota\/?p=28281"},"modified":"2016-11-28T15:12:43","modified_gmt":"2016-11-28T21:12:43","slug":"arranca-gobernador-remodelacion-y-ampliacion-del-ceconexpo-morelia","status":"publish","type":"post","link":"https:\/\/radiowebmx.com\/nota\/arranca-gobernador-remodelacion-y-ampliacion-del-ceconexpo-morelia\/","title":{"rendered":"Arranca Gobernador remodelaci\u00f3n y ampliaci\u00f3n del Ceconexpo Morelia"},"content":{"rendered":"<p><img loading=\"lazy\" decoding=\"async\" src=\"https:\/\/radiowebmx.com\/nota\/wp-content\/uploads\/2016\/11\/b317c082-af7e-4d0a-81ac-e66d3fbe3e73.jpg\" alt=\"b317c082-af7e-4d0a-81ac-e66d3fbe3e73\" width=\"709\" height=\"472\" class=\"alignleft size-full wp-image-28282\" srcset=\"https:\/\/radiowebmx.com\/nota\/wp-content\/uploads\/2016\/11\/b317c082-af7e-4d0a-81ac-e66d3fbe3e73.jpg 709w, https:\/\/radiowebmx.com\/nota\/wp-content\/uploads\/2016\/11\/b317c082-af7e-4d0a-81ac-e66d3fbe3e73-300x200.jpg 300w\" sizes=\"auto, (max-width: 709px) 100vw, 709px\" \/><\/p>\n<p><img loading=\"lazy\" decoding=\"async\" src=\"https:\/\/radiowebmx.com\/nota\/wp-content\/uploads\/2016\/11\/3257bda6-58c4-40bf-935c-bdf9472499c2.jpg\" alt=\"3257bda6-58c4-40bf-935c-bdf9472499c2\" width=\"709\" height=\"472\" class=\"alignleft size-full wp-image-28283\" srcset=\"https:\/\/radiowebmx.com\/nota\/wp-content\/uploads\/2016\/11\/3257bda6-58c4-40bf-935c-bdf9472499c2.jpg 709w, https:\/\/radiowebmx.com\/nota\/wp-content\/uploads\/2016\/11\/3257bda6-58c4-40bf-935c-bdf9472499c2-300x200.jpg 300w\" sizes=\"auto, (max-width: 709px) 100vw, 709px\" \/><\/p>\n<p>Morelia, Michoac\u00e1n, a 28 de noviembre de 2016.- Este lunes el Gobernador de Michoac\u00e1n, Silvano Aureoles Conejo, arranc\u00f3 los trabajos de la primera etapa de remodelaci\u00f3n y ampliaci\u00f3n del Centro de Convenciones y Exposiciones de Morelia (Ceconexpo), a los que se destinar\u00e1 una inversi\u00f3n cercana a los 92 millones de pesos. <\/p>\n<p>El jefe del Poder Ejecutivo en la entidad, destac\u00f3 que hacer de Morelia el principal destino cultural y de negocios es una de las prioridades para la actual administraci\u00f3n estatal que \u00e9l encabeza, por ello la importancia de fortalecer el trabajo conjunto con el Municipio y el apoyo de la Federaci\u00f3n para cumplir dicho prop\u00f3sito. <\/p>\n<p>Aureoles Conejo resalt\u00f3 que dicha obra permitir\u00e1 mejorar la calidad de los servicios e impulsar\u00e1 el turismo de cultura y de negocios, ya que tendr\u00e1 la capacidad de albergar hasta 10 mil personas, por lo que cubrir\u00e1 todas las necesidades en cuanto a modernizaci\u00f3n, innovaci\u00f3n y tecnolog\u00eda para ser la sede de importantes eventos a nivel nacional e internacional.<\/p>\n<p>Adem\u00e1s, el mandatario michoacano asegur\u00f3 que con esta obra no se dejar\u00e1 de lado el proyecto de la construcci\u00f3n de un Gran Centro de Convenciones de talla mundial que pretende instalar en una zona estrat\u00e9gica no s\u00f3lo para la capital del  estado, sino para todo el territorio estatal, por lo que argument\u00f3 que siguen trabajando para que dicha propuesta se concrete durante su gobierno.<\/p>\n<p>El secretario de Comunicaciones y Obras P\u00fablicas en el estado, Jos\u00e9 Juan Dom\u00ednguez L\u00f3pez, se encarg\u00f3 de dar una breve explicaci\u00f3n de la obra, que consiste en la primera etapa la remodelaci\u00f3n y ampliaci\u00f3n de la infraestructura en el \u00e1rea de Exposiciones, ya que posteriormente se incluir\u00e1 la plaza Magna, as\u00ed como el mantenimiento del Teatro Morelos y del Centro de Convenciones respetando su arquitectura y estilo.<\/p>\n<p>El funcionario estatal se\u00f1al\u00f3 que para el aprovechamiento pleno de todas los espacios, se incrementar\u00e1 el \u00e1rea de Exposiciones pasando de 4 mil 522 metros cuadrados hasta m\u00e1s de 15 mil 400 metros cuadrados en dos plantas; espacio que ser\u00e1 modulable hasta en 6 salones contando con un nuevo Centro de Negocios, \u00e1reas para oficinas de Gobierno, gastron\u00f3micas, espacios comerciales, elevadores y un lobby m\u00e1s amplio.<\/p>\n<p>En una etapa posterior se dotar\u00e1 a este complejo de mayores \u00e1reas de estacionamiento mediante dise\u00f1os verticales, recuperando \u00e1reas verdes y brindando a los visitantes y usuarios, espacios m\u00e1s eficientes y seguros para el desarrollo de actividades al aire libre.<\/p>\n<p>Por su parte, el secretario de Desarrollo Econ\u00f3mico en la entidad, Antonio Soto S\u00e1nchez, destac\u00f3 que el Centro de Convenciones y Exposiciones de Morelia ha sido y ser\u00e1 un importante polo de desarrollo para la capital del estado, debido al efecto multiplicador que genera en t\u00e9rminos de ingresos y desarrollo, lo que colocar\u00e1 al estado en un mayor nivel de competitividad en el pa\u00eds.<\/p>\n<p>El titular de la Sedeco, resalt\u00f3 que los congresos, convenciones y exposiciones son un segmento del mercado tur\u00edstico de reuniones y de negocios estrat\u00e9gico, ya que eleva la ocupaci\u00f3n hotelera y de servicios especializados, lo que propicia la atracci\u00f3n de inversi\u00f3n nacional y extranjera, fomenta la generaci\u00f3n de empleos y da prestigio a la imagen del estado.<\/p>\n<p>Mientras que el director general del Ceconexpo en Morelia, Oscar Celis Silva, reconoci\u00f3 el compromiso del Gobernador Silvano Aureoles por impulsar la industria de reuniones en el estado como factor prioritario para el desarrollo econ\u00f3mico de la entidad, por ello la importancia de contar con instalaciones de vanguardia que cubran con las necesidades actuales.<\/p>\n<p>Recordaron que en lo que va del a\u00f1o, el Ceconexpo de Morelia ha realizado cerca de 350 eventos entre congresos, conferencias, talleres y simposios, por lo que se ha convertido en un recinto emblem\u00e1tico que requiere de su dignificaci\u00f3n y que se convierta en la mejor opci\u00f3n para la organizaci\u00f3n de diversas actividades acad\u00e9micas, art\u00edsticas, culturales y sociales a nivel nacional e internacional.<\/p>\n<p>En el arranque de obra estuvieron presentes el presidente municipal de Morelia, Alfonso Mart\u00ednez Alc\u00e1zar; la diputada local, Andrea Villanueva Cano; la secretaria de Turismo en el estado, Claudia Ch\u00e1vez L\u00f3pez; el vicepresidente del Consejo Coordinador Empresarial, Agust\u00edn Arriaga D\u00edez; el presidente de la C\u00e1mara Mexicana de la Industria de la Construcci\u00f3n en Michoac\u00e1n, Jorge Tovar Zavala, entre otros l\u00edderes empresariales. <\/p>\n","protected":false},"excerpt":{"rendered":"<p>Este lunes el Gobernador de Michoac\u00e1n, Silvano Aureoles Conejo, arranc\u00f3 los trabajos de la primera etapa de remodelaci\u00f3n y ampliaci\u00f3n del Centro de Convenciones y Exposiciones de Morelia (Ceconexpo), a los que se destinar\u00e1 una inversi\u00f3n cercana a los 92 millones de pesos. <\/p>\n","protected":false},"author":1,"featured_media":28282,"comment_status":"open","ping_status":"open","sticky":false,"template":"","format":"standard","meta":{"footnotes":""},"categories":[14,3],"tags":[],"class_list":["post-28281","post","type-post","status-publish","format-standard","has-post-thumbnail","hentry","category-destacadas","category-gobierno-del-estado-de-michoacan"],"_links":{"self":[{"href":"https:\/\/radiowebmx.com\/nota\/wp-json\/wp\/v2\/posts\/28281","targetHints":{"allow":["GET"]}}],"collection":[{"href":"https:\/\/radiowebmx.com\/nota\/wp-json\/wp\/v2\/posts"}],"about":[{"href":"https:\/\/radiowebmx.com\/nota\/wp-json\/wp\/v2\/types\/post"}],"author":[{"embeddable":true,"href":"https:\/\/radiowebmx.com\/nota\/wp-json\/wp\/v2\/users\/1"}],"replies":[{"embeddable":true,"href":"https:\/\/radiowebmx.com\/nota\/wp-json\/wp\/v2\/comments?post=28281"}],"version-history":[{"count":1,"href":"https:\/\/radiowebmx.com\/nota\/wp-json\/wp\/v2\/posts\/28281\/revisions"}],"predecessor-version":[{"id":28284,"href":"https:\/\/radiowebmx.com\/nota\/wp-json\/wp\/v2\/posts\/28281\/revisions\/28284"}],"wp:featuredmedia":[{"embeddable":true,"href":"https:\/\/radiowebmx.com\/nota\/wp-json\/wp\/v2\/media\/28282"}],"wp:attachment":[{"href":"https:\/\/radiowebmx.com\/nota\/wp-json\/wp\/v2\/media?parent=28281"}],"wp:term":[{"taxonomy":"category","embeddable":true,"href":"https:\/\/radiowebmx.com\/nota\/wp-json\/wp\/v2\/categories?post=28281"},{"taxonomy":"post_tag","embeddable":true,"href":"https:\/\/radiowebmx.com\/nota\/wp-json\/wp\/v2\/tags?post=28281"}],"curies":[{"name":"wp","href":"https:\/\/api.w.org\/{rel}","templated":true}]}}