{"id":28277,"date":"2016-11-28T14:35:50","date_gmt":"2016-11-28T20:35:50","guid":{"rendered":"https:\/\/radiowebmx.com\/nota\/?p=28277"},"modified":"2016-11-28T14:35:50","modified_gmt":"2016-11-28T20:35:50","slug":"morelia-celebrara-en-grande-el-25-aniversario-de-la-declaratoria-como-ciudad-patrimonio","status":"publish","type":"post","link":"https:\/\/radiowebmx.com\/nota\/morelia-celebrara-en-grande-el-25-aniversario-de-la-declaratoria-como-ciudad-patrimonio\/","title":{"rendered":"Morelia celebrar\u00e1 en grande el 25 Aniversario de la Declaratoria como Ciudad Patrimonio"},"content":{"rendered":"<p><img loading=\"lazy\" decoding=\"async\" src=\"https:\/\/radiowebmx.com\/nota\/wp-content\/uploads\/2016\/11\/d3a9c81b-3bb4-40bc-8bb6-19d1aaa82bc2-1.jpg\" alt=\"d3a9c81b-3bb4-40bc-8bb6-19d1aaa82bc2\" width=\"709\" height=\"519\" class=\"alignleft size-full wp-image-28279\" srcset=\"https:\/\/radiowebmx.com\/nota\/wp-content\/uploads\/2016\/11\/d3a9c81b-3bb4-40bc-8bb6-19d1aaa82bc2-1.jpg 709w, https:\/\/radiowebmx.com\/nota\/wp-content\/uploads\/2016\/11\/d3a9c81b-3bb4-40bc-8bb6-19d1aaa82bc2-1-300x220.jpg 300w\" sizes=\"auto, (max-width: 709px) 100vw, 709px\" \/><\/p>\n<p>Con bombo y platillo, Morelia celebrar\u00e1 el pr\u00f3ximo 13 de diciembre del a\u00f1o en curso, el 25 Aniversario de la Declaratoria como Ciudad Patrimonio por la UNESCO, y en cuyo marco se tienen preparadas una serie de actividades c\u00edvicas, culturales y art\u00edsticas, orientadas a enaltecer esta fecha y promover la conservaci\u00f3n y el cuidado del patrimonio de la ciudad, anunci\u00f3 en rueda de prensa el Secretario del Ayuntamiento, Jes\u00fas \u00c1valos Plata. <\/p>\n<p>En compa\u00f1\u00eda del Gerente del Patrimonio Cultural, Gaspar Hern\u00e1ndez Razo; el Director de Asuntos Interinstitucionales y de Cabildo, Germ\u00e1n Mart\u00ednez Ramos; as\u00ed como el presidente de la Asociaci\u00f3n Civil \u201cFutura\u201d, el encargado de la pol\u00edtica interna en el municipio, destac\u00f3 el inter\u00e9s del Presidente Municipal, Alfonso Mart\u00ednez Alc\u00e1zar, por resaltar el valor hist\u00f3rico y arquitect\u00f3nico del Primer Cuadro de la ciudad, mediante un programa elaborado de la mano de los tres \u00f3rdenes de gobierno y la sociedad civil organizada.<\/p>\n<p>Record\u00f3 que precisamente en aras de enarbolar esta celebraci\u00f3n, en febrero de este a\u00f1o, el Cabildo aprob\u00f3 la conformaci\u00f3n de la Comisi\u00f3n Especial con motivo del 25 Aniversario, la cual est\u00e1 integrada por cinco regidores, la Secretar\u00eda del Ayuntamiento, la Gerencia del Patrimonio Cultural, y la Secretar\u00eda de Cultural, y resultado de la cual se prepararon dichas actividades.<\/p>\n<p>El funcionario municipal, puntualiz\u00f3 que este magno festejo iniciar\u00e1 el s\u00e1bado 10 de diciembre con un espectacular performance de malabaristas que se desarrollar\u00e1 en la Avenida Madero, a la altura de la Catedral, donde se presentar\u00e1 tambi\u00e9n la Orquesta Juvenil de Morelia, a las 19:30 horas. <\/p>\n<p>En tanto, el martes 13 de diciembre, a\u00f1adi\u00f3, se efectuar\u00e1n una serie de acciones macro, empezando a las 9:00 horas, con el Acto protocolario y dep\u00f3sito de ofrenda floral en la Placa del Morelia como Ciudad Patrimonio de la UNESCO, que se encuentra en el Andador Hidalgo, para despu\u00e9s acudir a la inauguraci\u00f3n de la obra de Rehabilitaci\u00f3n del Quiosco de la Plaza de Armas; posteriormente, en Palacio Municipal, se efectuar\u00e1 la Sesi\u00f3n Solemne de Cabildo en la que se instalar\u00e1 y tomar\u00e1 protesta a los nuevos integrantes del Consejo de la Cr\u00f3nica, y acto seguido, se dar\u00e1 a conocer el libro \u201cMorelia a 25 a\u00f1os de ser Patrimonio Mundial\u201d.<\/p>\n<p>Tras dichas actividades, \u00c1valos Plata, inform\u00f3 que se llevar\u00e1 a cabo el arranque del Programa \u201c25 Murales por Morelia\u201d, en el que artistas exaltar\u00e1n la expresi\u00f3n urbana y cultural del municipio; y, finalmente, se develar\u00e1 una Placa conmemorativa a los 25 a\u00f1os de que Morelia fue declarada Ciudad Patrimonio Cultural, en las instalaciones de Palacio Municipal.<\/p>\n<p>Al hacer uso de la voz, Gaspar Hern\u00e1ndez, record\u00f3 que Morelia fue la sexta ciudad en M\u00e9xico inscrita por la UNESCO en el Programa de Ciudades Patrimonio Cultural de la Humanidad, el 13 de diciembre de 1991, ello, al destacar la construcci\u00f3n del conjunto arquitect\u00f3nico del Centro Hist\u00f3rico, sus tradiciones vivas y el significado cultural excepcional.<\/p>\n<p>Detall\u00f3 adem\u00e1s que esta organizaci\u00f3n internacional ha reconocido 34 bienes en M\u00e9xico bajo la Declaratoria de Patrimonio de la Humanidad, mientras a nivel mundial son 721 los bienes bajo esta denominaci\u00f3n, 554 pertenecen al valor cultural, 134 a los bienes naturales y 23 son mixtos.<\/p>\n<p>Por su parte, Germ\u00e1n Mart\u00ednez, enfatiz\u00f3 que el proyecto \u201c25 Murales por Morelia\u201d, que se realizar\u00e1 en coordinaci\u00f3n con \u201cFutura\u201d, tiene por objetivo llevar los sitios ic\u00f3nicas del Centro Hist\u00f3rico a diferentes colonias para resaltar el Patrimonio Cultural de los morelianos, bajo 5 tem\u00e1ticas: arquitectura, palacios, la naturaleza y vida cotidiana de morelianos, tradiciones y los personajes hist\u00f3ricos.<\/p>\n<p>En su oportunidad, el presidente de la asociaci\u00f3n civil \u201cFutura\u201d, Gilberto Morelos, agradeci\u00f3 al Ayuntamiento capitalino por permitirles participar en este festejo, \u201caplaudimos que el municipio se acerque a la sociedad civil y apueste por la cultura y por llevar patrimonio a todos los morelianos\u201d, finaliz\u00f3.<\/p>\n","protected":false},"excerpt":{"rendered":"<p>Con bombo y platillo, Morelia celebrar\u00e1 el pr\u00f3ximo 13 de diciembre del a\u00f1o en curso, el 25 Aniversario de la Declaratoria como Ciudad Patrimonio por la UNESCO, y en cuyo marco se tienen preparadas una serie de actividades c\u00edvicas, culturales y art\u00edsticas, orientadas a enaltecer esta fecha y promover la conservaci\u00f3n y el cuidado del patrimonio de la ciudad, anunci\u00f3 en rueda de prensa el Secretario del Ayuntamiento, Jes\u00fas \u00c1valos Plata. <\/p>\n","protected":false},"author":1,"featured_media":28278,"comment_status":"open","ping_status":"open","sticky":false,"template":"","format":"standard","meta":{"footnotes":""},"categories":[14,9],"tags":[],"class_list":["post-28277","post","type-post","status-publish","format-standard","has-post-thumbnail","hentry","category-destacadas","category-morelia"],"_links":{"self":[{"href":"https:\/\/radiowebmx.com\/nota\/wp-json\/wp\/v2\/posts\/28277","targetHints":{"allow":["GET"]}}],"collection":[{"href":"https:\/\/radiowebmx.com\/nota\/wp-json\/wp\/v2\/posts"}],"about":[{"href":"https:\/\/radiowebmx.com\/nota\/wp-json\/wp\/v2\/types\/post"}],"author":[{"embeddable":true,"href":"https:\/\/radiowebmx.com\/nota\/wp-json\/wp\/v2\/users\/1"}],"replies":[{"embeddable":true,"href":"https:\/\/radiowebmx.com\/nota\/wp-json\/wp\/v2\/comments?post=28277"}],"version-history":[{"count":1,"href":"https:\/\/radiowebmx.com\/nota\/wp-json\/wp\/v2\/posts\/28277\/revisions"}],"predecessor-version":[{"id":28280,"href":"https:\/\/radiowebmx.com\/nota\/wp-json\/wp\/v2\/posts\/28277\/revisions\/28280"}],"wp:featuredmedia":[{"embeddable":true,"href":"https:\/\/radiowebmx.com\/nota\/wp-json\/wp\/v2\/media\/28278"}],"wp:attachment":[{"href":"https:\/\/radiowebmx.com\/nota\/wp-json\/wp\/v2\/media?parent=28277"}],"wp:term":[{"taxonomy":"category","embeddable":true,"href":"https:\/\/radiowebmx.com\/nota\/wp-json\/wp\/v2\/categories?post=28277"},{"taxonomy":"post_tag","embeddable":true,"href":"https:\/\/radiowebmx.com\/nota\/wp-json\/wp\/v2\/tags?post=28277"}],"curies":[{"name":"wp","href":"https:\/\/api.w.org\/{rel}","templated":true}]}}